{"id":7147,"date":"2026-03-21T09:36:05","date_gmt":"2026-03-21T08:36:05","guid":{"rendered":"https:\/\/www.familledelabrie.fr\/?p=7147"},"modified":"2026-03-21T09:36:05","modified_gmt":"2026-03-21T08:36:05","slug":"deja-20-ans-de-reveil-des-enfants-de-bayard","status":"publish","type":"post","link":"https:\/\/www.familledelabrie.fr\/?p=7147","title":{"rendered":"D\u00e9j\u00e0 20 ans de R\u00e9veil des Enfants de Bayard"},"content":{"rendered":"\n<p>Cela fait 20 ans que vous nous soutenez dans l\u2019\u00e9volution de notre compagnie !<\/p>\n\n\n\n<p>Nombreux sont ceux qui sont venus nous aider dans les coups durs comme la coul\u00e9e de boue de 2010, mais aussi dans les p\u00e9riodes de construction du second jeu mais \u00e9galement de l&rsquo;all\u00e9e couverte.<\/p>\n\n\n\n<p>Alors nous avons envie de f\u00eater cela avec vous !<\/p>\n\n\n\n<p>Nous vous proposons de venir tirer durant 20h avec nous&nbsp;<img loading=\"lazy\" decoding=\"async\" height=\"16\" width=\"16\" alt=\"\u263a\ufe0f\" src=\"https:\/\/ci3.googleusercontent.com\/meips\/ADKq_NaDuFvOM50tpeW4WNV9ZwdNJQh4zkQzOIzUqWv3wT986qvZhDXz8rK_gUcR5Me1LtiuBe6fmHO3MKuH2BER522B6Q8xl5yA92hKmPzKjBVl3fXJgfq-tw=s0-d-e1-ft#https:\/\/static.xx.fbcdn.net\/images\/emoji.php\/v9\/tfb\/1\/16\/263a.png\"\/>\u200b&nbsp;du 19 juin 20 h au 20 juin 16 h<\/p>\n\n\n\n<p>Si vous \u00eates tent\u00e9s, constituez une ou plusieurs \u00e9quipe(s) avec un minimum de 3 archers, sachant que votre \u00e9quipe devra \u00eatre repr\u00e9sent\u00e9e sur le pas de tir en permanence durant les 20h.<\/p>\n\n\n\n<p>Possibilit\u00e9 de faire des \u00e9quipes amalgam\u00e9es avec d\u2019autres compagnies.<\/p>\n\n\n\n<p>\u200b<\/p>\n\n\n\n<p>Toutes les armes sont accept\u00e9es !<\/p>\n\n\n\n<p>Alors ? \u00c7a vous tente ? Envie de vous amuser ? Envie de manger le jambon \u00e0 la broche ?<\/p>\n\n\n\n<p>Il ne vous reste plus qu&rsquo;une chose \u00e0 faire ! Vous inscrire car les places vont partir vite&nbsp;<img loading=\"lazy\" decoding=\"async\" height=\"16\" width=\"16\" alt=\"\ud83e\udd23\" src=\"https:\/\/ci3.googleusercontent.com\/meips\/ADKq_NZm3X9L7Q0Ga0P4_fnJXUfG38v-341XlTIa4atgI2JlzxThLCjk_bMTjxKLsq2YsXp0MP9lQKf6PDgg8d41OTZaQNayLbUsx5pW1ZG0nFvWNix92ChxUv8=s0-d-e1-ft#https:\/\/static.xx.fbcdn.net\/images\/emoji.php\/v9\/t52\/1\/16\/1f923.png\"\/><img loading=\"lazy\" decoding=\"async\" height=\"16\" width=\"16\" alt=\"\ud83e\udd23\" src=\"https:\/\/ci3.googleusercontent.com\/meips\/ADKq_NZm3X9L7Q0Ga0P4_fnJXUfG38v-341XlTIa4atgI2JlzxThLCjk_bMTjxKLsq2YsXp0MP9lQKf6PDgg8d41OTZaQNayLbUsx5pW1ZG0nFvWNix92ChxUv8=s0-d-e1-ft#https:\/\/static.xx.fbcdn.net\/images\/emoji.php\/v9\/t52\/1\/16\/1f923.png\"\/><img loading=\"lazy\" decoding=\"async\" height=\"16\" width=\"16\" alt=\"\ud83e\udd23\" src=\"https:\/\/ci3.googleusercontent.com\/meips\/ADKq_NZm3X9L7Q0Ga0P4_fnJXUfG38v-341XlTIa4atgI2JlzxThLCjk_bMTjxKLsq2YsXp0MP9lQKf6PDgg8d41OTZaQNayLbUsx5pW1ZG0nFvWNix92ChxUv8=s0-d-e1-ft#https:\/\/static.xx.fbcdn.net\/images\/emoji.php\/v9\/t52\/1\/16\/1f923.png\"\/><\/p>\n\n\n\n<p class=\"has-text-align-center\">MANDAT:<\/p>\n\n\n\n<figure class=\"wp-block-gallery has-nested-images columns-default is-cropped wp-block-gallery-1 is-layout-flex wp-block-gallery-is-layout-flex\">\n<figure class=\"wp-block-image size-large\"><a href=\"https:\/\/www.familledelabrie.fr\/wp-content\/uploads\/2026\/03\/Mandat-20-ans-de-Reveil.jpg\"><img loading=\"lazy\" decoding=\"async\" width=\"720\" height=\"960\" data-id=\"7148\" src=\"https:\/\/www.familledelabrie.fr\/wp-content\/uploads\/2026\/03\/Mandat-20-ans-de-Reveil.jpg\" alt=\"\" class=\"wp-image-7148\" srcset=\"https:\/\/www.familledelabrie.fr\/wp-content\/uploads\/2026\/03\/Mandat-20-ans-de-Reveil.jpg 720w, https:\/\/www.familledelabrie.fr\/wp-content\/uploads\/2026\/03\/Mandat-20-ans-de-Reveil-225x300.jpg 225w\" sizes=\"auto, (max-width: 720px) 100vw, 720px\" \/><\/a><\/figure>\n<\/figure>\n","protected":false},"excerpt":{"rendered":"<p>Cela fait 20 ans que vous nous soutenez dans l\u2019\u00e9volution de notre compagnie ! Nombreux sont ceux qui sont venus nous aider dans les coups durs comme la coul\u00e9e de boue de 2010, mais aussi dans les p\u00e9riodes de construction du second jeu mais \u00e9galement de l&rsquo;all\u00e9e couverte. Alors nous avons envie de f\u00eater cela &hellip; <a href=\"https:\/\/www.familledelabrie.fr\/?p=7147\" class=\"more-link\">Continuer la lecture de <span class=\"screen-reader-text\">D\u00e9j\u00e0 20 ans de R\u00e9veil des Enfants de Bayard<\/span> <span class=\"meta-nav\">&rarr;<\/span><\/a><\/p>\n","protected":false},"author":1,"featured_media":0,"comment_status":"open","ping_status":"open","sticky":false,"template":"","format":"standard","meta":{"_bbp_topic_count":0,"_bbp_reply_count":0,"_bbp_total_topic_count":0,"_bbp_total_reply_count":0,"_bbp_voice_count":0,"_bbp_anonymous_reply_count":0,"_bbp_topic_count_hidden":0,"_bbp_reply_count_hidden":0,"_bbp_forum_subforum_count":0,"ngg_post_thumbnail":0,"footnotes":""},"categories":[11],"tags":[],"class_list":["post-7147","post","type-post","status-publish","format-standard","hentry","category-date-devenement"],"_links":{"self":[{"href":"https:\/\/www.familledelabrie.fr\/index.php?rest_route=\/wp\/v2\/posts\/7147","targetHints":{"allow":["GET"]}}],"collection":[{"href":"https:\/\/www.familledelabrie.fr\/index.php?rest_route=\/wp\/v2\/posts"}],"about":[{"href":"https:\/\/www.familledelabrie.fr\/index.php?rest_route=\/wp\/v2\/types\/post"}],"author":[{"embeddable":true,"href":"https:\/\/www.familledelabrie.fr\/index.php?rest_route=\/wp\/v2\/users\/1"}],"replies":[{"embeddable":true,"href":"https:\/\/www.familledelabrie.fr\/index.php?rest_route=%2Fwp%2Fv2%2Fcomments&post=7147"}],"version-history":[{"count":1,"href":"https:\/\/www.familledelabrie.fr\/index.php?rest_route=\/wp\/v2\/posts\/7147\/revisions"}],"predecessor-version":[{"id":7149,"href":"https:\/\/www.familledelabrie.fr\/index.php?rest_route=\/wp\/v2\/posts\/7147\/revisions\/7149"}],"wp:attachment":[{"href":"https:\/\/www.familledelabrie.fr\/index.php?rest_route=%2Fwp%2Fv2%2Fmedia&parent=7147"}],"wp:term":[{"taxonomy":"category","embeddable":true,"href":"https:\/\/www.familledelabrie.fr\/index.php?rest_route=%2Fwp%2Fv2%2Fcategories&post=7147"},{"taxonomy":"post_tag","embeddable":true,"href":"https:\/\/www.familledelabrie.fr\/index.php?rest_route=%2Fwp%2Fv2%2Ftags&post=7147"}],"curies":[{"name":"wp","href":"https:\/\/api.w.org\/{rel}","templated":true}]}}