{"id":7020,"date":"2025-02-26T20:25:44","date_gmt":"2025-02-26T19:25:44","guid":{"rendered":"https:\/\/www.familledelabrie.fr\/?p=7020"},"modified":"2025-02-26T20:25:44","modified_gmt":"2025-02-26T19:25:44","slug":"deces-dun-ancien-capitaine","status":"publish","type":"post","link":"https:\/\/www.familledelabrie.fr\/?p=7020","title":{"rendered":"D\u00e9c\u00e8s d&rsquo;un ancien capitaine"},"content":{"rendered":"\n<p>La compagnie d&rsquo;arc de Saint Pathus a perdu un ami en la personne de Michel Massines, \u00e9galement ancien capitaine de la compagnie. Il s&rsquo;\u00e9tait reconverti en Province et nous a quitt\u00e9 trop rapidement.<\/p>\n\n\n\n<p>Archer je te salue!<\/p>\n\n\n\n<figure class=\"wp-block-image size-full\"><a href=\"https:\/\/www.familledelabrie.fr\/wp-content\/uploads\/2025\/02\/image.png\"><img loading=\"lazy\" decoding=\"async\" width=\"270\" height=\"400\" src=\"https:\/\/www.familledelabrie.fr\/wp-content\/uploads\/2025\/02\/image.png\" alt=\"\" class=\"wp-image-7021\" srcset=\"https:\/\/www.familledelabrie.fr\/wp-content\/uploads\/2025\/02\/image.png 270w, https:\/\/www.familledelabrie.fr\/wp-content\/uploads\/2025\/02\/image-203x300.png 203w\" sizes=\"auto, (max-width: 270px) 100vw, 270px\" \/><\/a><\/figure>\n","protected":false},"excerpt":{"rendered":"<p>La compagnie d&rsquo;arc de Saint Pathus a perdu un ami en la personne de Michel Massines, \u00e9galement ancien capitaine de la compagnie. Il s&rsquo;\u00e9tait reconverti en Province et nous a quitt\u00e9 trop rapidement. Archer je te salue!<\/p>\n","protected":false},"author":1,"featured_media":0,"comment_status":"open","ping_status":"open","sticky":false,"template":"","format":"standard","meta":{"_bbp_topic_count":0,"_bbp_reply_count":0,"_bbp_total_topic_count":0,"_bbp_total_reply_count":0,"_bbp_voice_count":0,"_bbp_anonymous_reply_count":0,"_bbp_topic_count_hidden":0,"_bbp_reply_count_hidden":0,"_bbp_forum_subforum_count":0,"ngg_post_thumbnail":0,"footnotes":""},"categories":[11],"tags":[],"class_list":["post-7020","post","type-post","status-publish","format-standard","hentry","category-date-devenement"],"_links":{"self":[{"href":"https:\/\/www.familledelabrie.fr\/index.php?rest_route=\/wp\/v2\/posts\/7020","targetHints":{"allow":["GET"]}}],"collection":[{"href":"https:\/\/www.familledelabrie.fr\/index.php?rest_route=\/wp\/v2\/posts"}],"about":[{"href":"https:\/\/www.familledelabrie.fr\/index.php?rest_route=\/wp\/v2\/types\/post"}],"author":[{"embeddable":true,"href":"https:\/\/www.familledelabrie.fr\/index.php?rest_route=\/wp\/v2\/users\/1"}],"replies":[{"embeddable":true,"href":"https:\/\/www.familledelabrie.fr\/index.php?rest_route=%2Fwp%2Fv2%2Fcomments&post=7020"}],"version-history":[{"count":1,"href":"https:\/\/www.familledelabrie.fr\/index.php?rest_route=\/wp\/v2\/posts\/7020\/revisions"}],"predecessor-version":[{"id":7022,"href":"https:\/\/www.familledelabrie.fr\/index.php?rest_route=\/wp\/v2\/posts\/7020\/revisions\/7022"}],"wp:attachment":[{"href":"https:\/\/www.familledelabrie.fr\/index.php?rest_route=%2Fwp%2Fv2%2Fmedia&parent=7020"}],"wp:term":[{"taxonomy":"category","embeddable":true,"href":"https:\/\/www.familledelabrie.fr\/index.php?rest_route=%2Fwp%2Fv2%2Fcategories&post=7020"},{"taxonomy":"post_tag","embeddable":true,"href":"https:\/\/www.familledelabrie.fr\/index.php?rest_route=%2Fwp%2Fv2%2Ftags&post=7020"}],"curies":[{"name":"wp","href":"https:\/\/api.w.org\/{rel}","templated":true}]}}