{"id":6893,"date":"2024-02-04T22:02:30","date_gmt":"2024-02-04T21:02:30","guid":{"rendered":"https:\/\/www.familledelabrie.fr\/?p=6893"},"modified":"2024-03-05T17:38:08","modified_gmt":"2024-03-05T16:38:08","slug":"2024","status":"publish","type":"post","link":"https:\/\/www.familledelabrie.fr\/?p=6893","title":{"rendered":"2024!"},"content":{"rendered":"\n<p>L&rsquo;ann\u00e9e a bien commenc\u00e9 avec la messe de la St S\u00e9bastien organis\u00e9e par nos amis de la compagnie d&rsquo;arc de Mitry-Mory!<\/p>\n\n\n\n<p>Pour 2024, la Famille a pr\u00e9vu d&rsquo;organiser le championnat d\u00e9partemental Beursault 77, via la compagnie d&rsquo;arc de Montry, les 27 et 28 Avril. <\/p>\n\n\n\n<p>La compagnie d&rsquo;arc de Champs organisera la Briarde, le qualificatif Beursault de la Famille et il aura lieu le 24 et 25 Aout. <\/p>\n\n\n\n<p>Bient\u00f4t les mandats des divers Prix au sein de la Famille.<\/p>\n\n\n\n<p><\/p>\n\n\n\n<p>Les Galeries photos du site ont \u00e9t\u00e9 r\u00e9activ\u00e9es et mises un peu \u00e0 jour. Suite \u00e0 un soucis avec un plugin de WordPress, il avait fallu tout d\u00e9sactiv\u00e9s pour laisser le site fonctionner!<\/p>\n\n\n\n<p><\/p>\n","protected":false},"excerpt":{"rendered":"<p>L&rsquo;ann\u00e9e a bien commenc\u00e9 avec la messe de la St S\u00e9bastien organis\u00e9e par nos amis de la compagnie d&rsquo;arc de Mitry-Mory! Pour 2024, la Famille a pr\u00e9vu d&rsquo;organiser le championnat d\u00e9partemental Beursault 77, via la compagnie d&rsquo;arc de Montry, les 27 et 28 Avril. La compagnie d&rsquo;arc de Champs organisera la Briarde, le qualificatif Beursault &hellip; <a href=\"https:\/\/www.familledelabrie.fr\/?p=6893\" class=\"more-link\">Continuer la lecture de <span class=\"screen-reader-text\">2024!<\/span> <span class=\"meta-nav\">&rarr;<\/span><\/a><\/p>\n","protected":false},"author":1,"featured_media":0,"comment_status":"open","ping_status":"open","sticky":false,"template":"","format":"standard","meta":{"_bbp_topic_count":0,"_bbp_reply_count":0,"_bbp_total_topic_count":0,"_bbp_total_reply_count":0,"_bbp_voice_count":0,"_bbp_anonymous_reply_count":0,"_bbp_topic_count_hidden":0,"_bbp_reply_count_hidden":0,"_bbp_forum_subforum_count":0,"ngg_post_thumbnail":0,"footnotes":""},"categories":[11],"tags":[],"class_list":["post-6893","post","type-post","status-publish","format-standard","hentry","category-date-devenement"],"_links":{"self":[{"href":"https:\/\/www.familledelabrie.fr\/index.php?rest_route=\/wp\/v2\/posts\/6893","targetHints":{"allow":["GET"]}}],"collection":[{"href":"https:\/\/www.familledelabrie.fr\/index.php?rest_route=\/wp\/v2\/posts"}],"about":[{"href":"https:\/\/www.familledelabrie.fr\/index.php?rest_route=\/wp\/v2\/types\/post"}],"author":[{"embeddable":true,"href":"https:\/\/www.familledelabrie.fr\/index.php?rest_route=\/wp\/v2\/users\/1"}],"replies":[{"embeddable":true,"href":"https:\/\/www.familledelabrie.fr\/index.php?rest_route=%2Fwp%2Fv2%2Fcomments&post=6893"}],"version-history":[{"count":1,"href":"https:\/\/www.familledelabrie.fr\/index.php?rest_route=\/wp\/v2\/posts\/6893\/revisions"}],"predecessor-version":[{"id":6894,"href":"https:\/\/www.familledelabrie.fr\/index.php?rest_route=\/wp\/v2\/posts\/6893\/revisions\/6894"}],"wp:attachment":[{"href":"https:\/\/www.familledelabrie.fr\/index.php?rest_route=%2Fwp%2Fv2%2Fmedia&parent=6893"}],"wp:term":[{"taxonomy":"category","embeddable":true,"href":"https:\/\/www.familledelabrie.fr\/index.php?rest_route=%2Fwp%2Fv2%2Fcategories&post=6893"},{"taxonomy":"post_tag","embeddable":true,"href":"https:\/\/www.familledelabrie.fr\/index.php?rest_route=%2Fwp%2Fv2%2Ftags&post=6893"}],"curies":[{"name":"wp","href":"https:\/\/api.w.org\/{rel}","templated":true}]}}