{"id":6819,"date":"2023-03-21T17:21:28","date_gmt":"2023-03-21T16:21:28","guid":{"rendered":"https:\/\/www.familledelabrie.fr\/?p=6819"},"modified":"2023-03-22T22:47:37","modified_gmt":"2023-03-22T21:47:37","slug":"deces-de-jean-pierre-sohier","status":"publish","type":"post","link":"https:\/\/www.familledelabrie.fr\/?p=6819","title":{"rendered":"D\u00e9c\u00e8s de Jean-Pierre Sohier"},"content":{"rendered":"\n<figure class=\"wp-block-gallery has-nested-images columns-default is-cropped wp-block-gallery-1 is-layout-flex wp-block-gallery-is-layout-flex\">\n<figure class=\"wp-block-image size-large\"><a href=\"https:\/\/www.familledelabrie.fr\/wp-content\/uploads\/2023\/03\/jps.jpg\"><img loading=\"lazy\" decoding=\"async\" width=\"854\" height=\"1024\" data-id=\"6820\" src=\"https:\/\/www.familledelabrie.fr\/wp-content\/uploads\/2023\/03\/jps-854x1024.jpg\" alt=\"\" class=\"wp-image-6820\" srcset=\"https:\/\/www.familledelabrie.fr\/wp-content\/uploads\/2023\/03\/jps-854x1024.jpg 854w, https:\/\/www.familledelabrie.fr\/wp-content\/uploads\/2023\/03\/jps-250x300.jpg 250w, https:\/\/www.familledelabrie.fr\/wp-content\/uploads\/2023\/03\/jps-768x921.jpg 768w, https:\/\/www.familledelabrie.fr\/wp-content\/uploads\/2023\/03\/jps.jpg 869w\" sizes=\"auto, (max-width: 854px) 100vw, 854px\" \/><\/a><figcaption class=\"wp-element-caption\">Il  aura \u00e9t\u00e9 tout retourn\u00e9 d&rsquo;\u00eatre roi en 2018!<\/figcaption><\/figure>\n<\/figure>\n\n\n\n<p>La compagnie d&rsquo;arc de Champs sur Marne a la tristesse de faire part du d\u00e9c\u00e8s de Jean-Pierre!<\/p>\n\n\n\n<p>A la compagnie depuis 6 bonnes ann\u00e9es, Jean-Pierre est rapidement devenu un des piliers de la compagnie et un archer qui repr\u00e9sentait avec plaisir la compagnie dans beaucoup de manifestation.<\/p>\n\n\n\n<p>Tr\u00e8s vite devenu un pratiquant assidu du tir&nbsp; l&rsquo;arc en compl\u00e9ment de ses sorties de p\u00e8ches en mer, il participait \u00e0 tous les concours qu&rsquo;il pouvait, avec la compagnie, mais aussi seul il pouvait  aller \u00e9cumer les compagnies de la r\u00e9gion. Que ce soit avec son arc classique ou avec son arc droit.<\/p>\n\n\n\n<p>Jean-Pierre \u00e9tait un bon ami, parfois un brin renferm\u00e9, mais c&rsquo;\u00e9tait surtout de la discr\u00e9tion. Toujours pr\u00e9sent et disponible en fait! Pour transporter les amis, faire la cuisine, entretenir le jeu d&rsquo;arc, il \u00e9tait toujours partant pour la compagnie.<\/p>\n\n\n\n<p>Nous avions peur du jour o\u00f9 il devait d\u00e9m\u00e9nager pour se rapprocher de sa famille, car cela aurait pu l&rsquo;amener \u00e0 nous abandonner.&nbsp;<\/p>\n\n\n\n<p>Lundi 20 mars 2023, alors qu&rsquo;il tirait un Prix Particulier avec des amis, et qu&rsquo;il venait de r\u00e9ussir un beau coup \u00e0 l&rsquo;arc droit dans le marmot, il nous a d\u00e9finitivement quitt\u00e9 pour d&rsquo;autres cieux, nous laissant sur le carreau!<\/p>\n\n\n\n<p>Mais dans notre c\u0153ur il restera.<\/p>\n\n\n\n<p>Archers je te salue<\/p>\n\n\n\n<p><strong><mark style=\"background-color:rgba(0, 0, 0, 0)\" class=\"has-inline-color has-red-color\">Ajout du 22 mars:<\/mark><\/strong><\/p>\n\n\n\n<p>La c\u00e9r\u00e9monie pour Jean-Pierre devrait avoir lieu au Cr\u00e9matorium de l&rsquo;Arche De Mareuil les Meaux, 175 Av. des Fortes Terres \u00e0 <strong>15h15, vendredi 24 mars 2023<\/strong><\/p>\n\n\n\n<p>(Drapeaux incertains)<\/p>\n\n\n\n<p>La compagnie d&rsquo;arc de Champs a pr\u00e9vu d&rsquo;\u00eatre pr\u00e9sent,\u00a0 et tous ceux qui le souhaitent pourront se joindre \u00e0 nous.<br \/>Suite \u00e0 la c\u00e9r\u00e9monie, nous nous retrouverons pour une partie de deuil traditionnelle \u00e0 la compagnie d&rsquo;arc de Champs sur Marne. Vos drapeaux sont donc les bienvenus pour un dernier salut.<\/p>\n","protected":false},"excerpt":{"rendered":"<p>La compagnie d&rsquo;arc de Champs sur Marne a la tristesse de faire part du d\u00e9c\u00e8s de Jean-Pierre! A la compagnie depuis 6 bonnes ann\u00e9es, Jean-Pierre est rapidement devenu un des piliers de la compagnie et un archer qui repr\u00e9sentait avec plaisir la compagnie dans beaucoup de manifestation. Tr\u00e8s vite devenu un pratiquant assidu du tir&nbsp; &hellip; <a href=\"https:\/\/www.familledelabrie.fr\/?p=6819\" class=\"more-link\">Continuer la lecture de <span class=\"screen-reader-text\">D\u00e9c\u00e8s de Jean-Pierre Sohier<\/span> <span class=\"meta-nav\">&rarr;<\/span><\/a><\/p>\n","protected":false},"author":1,"featured_media":0,"comment_status":"open","ping_status":"open","sticky":false,"template":"","format":"standard","meta":{"_bbp_topic_count":0,"_bbp_reply_count":0,"_bbp_total_topic_count":0,"_bbp_total_reply_count":0,"_bbp_voice_count":0,"_bbp_anonymous_reply_count":0,"_bbp_topic_count_hidden":0,"_bbp_reply_count_hidden":0,"_bbp_forum_subforum_count":0,"ngg_post_thumbnail":0,"footnotes":""},"categories":[11],"tags":[],"class_list":["post-6819","post","type-post","status-publish","format-standard","hentry","category-date-devenement"],"_links":{"self":[{"href":"https:\/\/www.familledelabrie.fr\/index.php?rest_route=\/wp\/v2\/posts\/6819","targetHints":{"allow":["GET"]}}],"collection":[{"href":"https:\/\/www.familledelabrie.fr\/index.php?rest_route=\/wp\/v2\/posts"}],"about":[{"href":"https:\/\/www.familledelabrie.fr\/index.php?rest_route=\/wp\/v2\/types\/post"}],"author":[{"embeddable":true,"href":"https:\/\/www.familledelabrie.fr\/index.php?rest_route=\/wp\/v2\/users\/1"}],"replies":[{"embeddable":true,"href":"https:\/\/www.familledelabrie.fr\/index.php?rest_route=%2Fwp%2Fv2%2Fcomments&post=6819"}],"version-history":[{"count":4,"href":"https:\/\/www.familledelabrie.fr\/index.php?rest_route=\/wp\/v2\/posts\/6819\/revisions"}],"predecessor-version":[{"id":6826,"href":"https:\/\/www.familledelabrie.fr\/index.php?rest_route=\/wp\/v2\/posts\/6819\/revisions\/6826"}],"wp:attachment":[{"href":"https:\/\/www.familledelabrie.fr\/index.php?rest_route=%2Fwp%2Fv2%2Fmedia&parent=6819"}],"wp:term":[{"taxonomy":"category","embeddable":true,"href":"https:\/\/www.familledelabrie.fr\/index.php?rest_route=%2Fwp%2Fv2%2Fcategories&post=6819"},{"taxonomy":"post_tag","embeddable":true,"href":"https:\/\/www.familledelabrie.fr\/index.php?rest_route=%2Fwp%2Fv2%2Ftags&post=6819"}],"curies":[{"name":"wp","href":"https:\/\/api.w.org\/{rel}","templated":true}]}}