{"id":6581,"date":"2022-06-04T09:01:06","date_gmt":"2022-06-04T08:01:06","guid":{"rendered":"http:\/\/www.familledelabrie.fr\/?p=6581"},"modified":"2022-06-04T09:01:07","modified_gmt":"2022-06-04T08:01:07","slug":"deces-de-erick-tricard","status":"publish","type":"post","link":"https:\/\/www.familledelabrie.fr\/?p=6581","title":{"rendered":"D\u00e9c\u00e8s de Erick Tricard"},"content":{"rendered":"\n<p>La Famille a la douleur de partager le d\u00e9part d&rsquo;un des piliers de sa compagnie! <\/p>\n\n\n\n<p>Un chevalier d&rsquo;Esbly nous a quitt\u00e9 ce 1er juin. Repose en paix.<\/p>\n\n\n\n<figure class=\"wp-block-image size-full\"><a href=\"https:\/\/www.familledelabrie.fr\/wp-content\/uploads\/2022\/06\/Erick-T.jpg\"><img loading=\"lazy\" decoding=\"async\" width=\"489\" height=\"570\" src=\"https:\/\/www.familledelabrie.fr\/wp-content\/uploads\/2022\/06\/Erick-T.jpg\" alt=\"\" class=\"wp-image-6582\" srcset=\"https:\/\/www.familledelabrie.fr\/wp-content\/uploads\/2022\/06\/Erick-T.jpg 489w, https:\/\/www.familledelabrie.fr\/wp-content\/uploads\/2022\/06\/Erick-T-257x300.jpg 257w\" sizes=\"auto, (max-width: 489px) 100vw, 489px\" \/><\/a><\/figure>\n\n\n\n<p><\/p>\n\n\n\n<p>Message de la compagnie d&rsquo;Esbly:<\/p>\n\n\n\n<div class=\"wp-block-group\"><div class=\"wp-block-group__inner-container is-layout-flow wp-block-group-is-layout-flow\">\n<p>Nous dirons adieu \u00e0 notre ami, chevalier, Erick TRICARD le vendredi 10 juin \u00e0 9h au cr\u00e9matorium de Mareuil Les Meaux.<\/p>\n\n\n\n<p>A l\u2019issu de la c\u00e9r\u00e9monie nous vous accueillerons dans le jeu de la compagnie d\u2019arc d\u2019ESBLY pour la partie de deuil.<\/p>\n\n\n\n<p>Selon la tradition, seuls les archers d\u2019ESBLY seront en tenue de compagnie. Les drapeaux de vos compagnies seront les bienvenus pour l\u2019accompagner.<\/p>\n\n\n\n<p>Pas de fleur ni plaque et le moins possible de couleurs sombres pour respecter la volont\u00e9 de notre ami.<\/p>\n\n\n\n<p>Merci d\u2019avance pour votre pr\u00e9sence.<\/p>\n<\/div><\/div>\n","protected":false},"excerpt":{"rendered":"<p>La Famille a la douleur de partager le d\u00e9part d&rsquo;un des piliers de sa compagnie! Un chevalier d&rsquo;Esbly nous a quitt\u00e9 ce 1er juin. Repose en paix. Message de la compagnie d&rsquo;Esbly: Nous dirons adieu \u00e0 notre ami, chevalier, Erick TRICARD le vendredi 10 juin \u00e0 9h au cr\u00e9matorium de Mareuil Les Meaux. A l\u2019issu &hellip; <a href=\"https:\/\/www.familledelabrie.fr\/?p=6581\" class=\"more-link\">Continuer la lecture de <span class=\"screen-reader-text\">D\u00e9c\u00e8s de Erick Tricard<\/span> <span class=\"meta-nav\">&rarr;<\/span><\/a><\/p>\n","protected":false},"author":1,"featured_media":0,"comment_status":"open","ping_status":"open","sticky":false,"template":"","format":"standard","meta":{"_bbp_topic_count":0,"_bbp_reply_count":0,"_bbp_total_topic_count":0,"_bbp_total_reply_count":0,"_bbp_voice_count":0,"_bbp_anonymous_reply_count":0,"_bbp_topic_count_hidden":0,"_bbp_reply_count_hidden":0,"_bbp_forum_subforum_count":0,"ngg_post_thumbnail":0,"footnotes":""},"categories":[11],"tags":[],"class_list":["post-6581","post","type-post","status-publish","format-standard","hentry","category-date-devenement"],"_links":{"self":[{"href":"https:\/\/www.familledelabrie.fr\/index.php?rest_route=\/wp\/v2\/posts\/6581","targetHints":{"allow":["GET"]}}],"collection":[{"href":"https:\/\/www.familledelabrie.fr\/index.php?rest_route=\/wp\/v2\/posts"}],"about":[{"href":"https:\/\/www.familledelabrie.fr\/index.php?rest_route=\/wp\/v2\/types\/post"}],"author":[{"embeddable":true,"href":"https:\/\/www.familledelabrie.fr\/index.php?rest_route=\/wp\/v2\/users\/1"}],"replies":[{"embeddable":true,"href":"https:\/\/www.familledelabrie.fr\/index.php?rest_route=%2Fwp%2Fv2%2Fcomments&post=6581"}],"version-history":[{"count":2,"href":"https:\/\/www.familledelabrie.fr\/index.php?rest_route=\/wp\/v2\/posts\/6581\/revisions"}],"predecessor-version":[{"id":6584,"href":"https:\/\/www.familledelabrie.fr\/index.php?rest_route=\/wp\/v2\/posts\/6581\/revisions\/6584"}],"wp:attachment":[{"href":"https:\/\/www.familledelabrie.fr\/index.php?rest_route=%2Fwp%2Fv2%2Fmedia&parent=6581"}],"wp:term":[{"taxonomy":"category","embeddable":true,"href":"https:\/\/www.familledelabrie.fr\/index.php?rest_route=%2Fwp%2Fv2%2Fcategories&post=6581"},{"taxonomy":"post_tag","embeddable":true,"href":"https:\/\/www.familledelabrie.fr\/index.php?rest_route=%2Fwp%2Fv2%2Ftags&post=6581"}],"curies":[{"name":"wp","href":"https:\/\/api.w.org\/{rel}","templated":true}]}}