{"id":6445,"date":"2021-08-25T14:07:52","date_gmt":"2021-08-25T13:07:52","guid":{"rendered":"http:\/\/www.familledelabrie.fr\/?p=6445"},"modified":"2021-08-25T14:07:52","modified_gmt":"2021-08-25T13:07:52","slug":"championnat-departemental-77-beursault","status":"publish","type":"post","link":"https:\/\/www.familledelabrie.fr\/?p=6445","title":{"rendered":"Championnat d\u00e9partemental 77 Beursault"},"content":{"rendered":"\n<p>Pour 2021, Annet sur Marne organise \u00e0 nouveau le d\u00e9partemental Beursault de Seine et Marne pour le compte de la Famille de la Brie. (l&rsquo;\u00e9dition 2020 ayant du \u00eatre annul\u00e9e suite au confinement)<\/p>\n\n\n\n<p>Merci aux compagnies qui la soutiennent en ces temps compliqu\u00e9s!<\/p>\n\n\n\n<p class=\"has-text-align-center\"><img decoding=\"async\" class=\"wp-image-6443\" style=\"width: NaNpx;\" src=\"https:\/\/www.familledelabrie.fr\/wp-content\/uploads\/2021\/08\/MANDAT-CD-BEURSAULT-77-IND-B-2.pdf\" alt=\"\"\/><a href=\"https:\/\/www.familledelabrie.fr\/wp-content\/uploads\/2021\/08\/MANDAT-CD-BEURSAULT-77-IND-B.pdf\">MANDAT<\/a><\/p>\n","protected":false},"excerpt":{"rendered":"<p>Pour 2021, Annet sur Marne organise \u00e0 nouveau le d\u00e9partemental Beursault de Seine et Marne pour le compte de la Famille de la Brie. (l&rsquo;\u00e9dition 2020 ayant du \u00eatre annul\u00e9e suite au confinement) Merci aux compagnies qui la soutiennent en ces temps compliqu\u00e9s! MANDAT<\/p>\n","protected":false},"author":1,"featured_media":0,"comment_status":"open","ping_status":"open","sticky":false,"template":"","format":"standard","meta":{"_bbp_topic_count":0,"_bbp_reply_count":0,"_bbp_total_topic_count":0,"_bbp_total_reply_count":0,"_bbp_voice_count":0,"_bbp_anonymous_reply_count":0,"_bbp_topic_count_hidden":0,"_bbp_reply_count_hidden":0,"_bbp_forum_subforum_count":0,"ngg_post_thumbnail":0,"footnotes":""},"categories":[11],"tags":[],"class_list":["post-6445","post","type-post","status-publish","format-standard","hentry","category-date-devenement"],"_links":{"self":[{"href":"https:\/\/www.familledelabrie.fr\/index.php?rest_route=\/wp\/v2\/posts\/6445","targetHints":{"allow":["GET"]}}],"collection":[{"href":"https:\/\/www.familledelabrie.fr\/index.php?rest_route=\/wp\/v2\/posts"}],"about":[{"href":"https:\/\/www.familledelabrie.fr\/index.php?rest_route=\/wp\/v2\/types\/post"}],"author":[{"embeddable":true,"href":"https:\/\/www.familledelabrie.fr\/index.php?rest_route=\/wp\/v2\/users\/1"}],"replies":[{"embeddable":true,"href":"https:\/\/www.familledelabrie.fr\/index.php?rest_route=%2Fwp%2Fv2%2Fcomments&post=6445"}],"version-history":[{"count":1,"href":"https:\/\/www.familledelabrie.fr\/index.php?rest_route=\/wp\/v2\/posts\/6445\/revisions"}],"predecessor-version":[{"id":6446,"href":"https:\/\/www.familledelabrie.fr\/index.php?rest_route=\/wp\/v2\/posts\/6445\/revisions\/6446"}],"wp:attachment":[{"href":"https:\/\/www.familledelabrie.fr\/index.php?rest_route=%2Fwp%2Fv2%2Fmedia&parent=6445"}],"wp:term":[{"taxonomy":"category","embeddable":true,"href":"https:\/\/www.familledelabrie.fr\/index.php?rest_route=%2Fwp%2Fv2%2Fcategories&post=6445"},{"taxonomy":"post_tag","embeddable":true,"href":"https:\/\/www.familledelabrie.fr\/index.php?rest_route=%2Fwp%2Fv2%2Ftags&post=6445"}],"curies":[{"name":"wp","href":"https:\/\/api.w.org\/{rel}","templated":true}]}}