{"id":6429,"date":"2021-04-15T19:44:20","date_gmt":"2021-04-15T18:44:20","guid":{"rendered":"http:\/\/www.familledelabrie.fr\/?p=6429"},"modified":"2021-04-15T19:44:21","modified_gmt":"2021-04-15T18:44:21","slug":"deces-de-claude-carre","status":"publish","type":"post","link":"https:\/\/www.familledelabrie.fr\/?p=6429","title":{"rendered":"D\u00e9c\u00e8s de Claude Carr\u00e9"},"content":{"rendered":"\n<figure class=\"wp-block-image size-large\"><a href=\"https:\/\/www.familledelabrie.fr\/wp-content\/uploads\/2021\/04\/Claude.jpg\"><img loading=\"lazy\" decoding=\"async\" width=\"1024\" height=\"681\" src=\"https:\/\/www.familledelabrie.fr\/wp-content\/uploads\/2021\/04\/Claude-1024x681.jpg\" alt=\"\" class=\"wp-image-6430\" srcset=\"https:\/\/www.familledelabrie.fr\/wp-content\/uploads\/2021\/04\/Claude-1024x681.jpg 1024w, https:\/\/www.familledelabrie.fr\/wp-content\/uploads\/2021\/04\/Claude-300x200.jpg 300w, https:\/\/www.familledelabrie.fr\/wp-content\/uploads\/2021\/04\/Claude-768x511.jpg 768w, https:\/\/www.familledelabrie.fr\/wp-content\/uploads\/2021\/04\/Claude-1200x798.jpg 1200w, https:\/\/www.familledelabrie.fr\/wp-content\/uploads\/2021\/04\/Claude.jpg 1203w\" sizes=\"auto, (max-width: 1024px) 100vw, 1024px\" \/><\/a><\/figure>\n\n\n\n<p>Nous avons appris tardivement le d\u00e9c\u00e8s du chevalier Claude Carr\u00e9 survenu le 1er Avril et enterr\u00e9 le 9 Avril .<\/p>\n\n\n\n<p>Claude \u00e9tait membre de la compagnie d&rsquo;arc de Champs sur Marne depuis 1980 et avait \u00e9t\u00e9 re\u00e7u il y a d\u00e9j\u00e0 de nombreuses ann\u00e9es tout comme Madeleine, sa compagne dont nous regrettions d\u00e9j\u00e0 le d\u00e9part il y a quelques ann\u00e9es. Il a longtemps accompagn\u00e9 nombre d&rsquo;entre nous dans la pratique du tir \u00e0 l&rsquo;arc et dans la transmission de nos traditions d&rsquo;archerie.<\/p>\n\n\n\n<p>Il s&rsquo;\u00e9tait mis en retrait alors qu&rsquo;il ne pouvait plus tirer et aussi suite au d\u00e9part de Madeleine. Mais nous avions encore parfois de ses nouvelles ou sa visite \u00e0 la compagnie.<\/p>\n\n\n\n<p>Claude \u00e9tait un joyeux compagnon, discret mais altruiste et toujours dans un esprit constructif et positif. De plus il avait le chic pour venir r\u00e9guli\u00e8rement avec quelques bonnes blagues \u00e0 raconter et ainsi apporter bonne humeur et convivialit\u00e9 \u00e0 la compagnie.<\/p>\n\n\n\n<p>Il laisse un vide dans nos coeurs.<\/p>\n\n\n\n<p>Nous honorerons sa m\u00e9moire par une partie de deuil, apr\u00e8s les salutations d&rsquo;usage, samedi 17 avril  en matin\u00e9e, \u00e0 la compagnie.<\/p>\n\n\n\n<figure class=\"wp-block-image size-large\"><a href=\"https:\/\/www.familledelabrie.fr\/wp-content\/uploads\/2021\/04\/claude-carre.jpg\"><img loading=\"lazy\" decoding=\"async\" width=\"574\" height=\"1024\" src=\"https:\/\/www.familledelabrie.fr\/wp-content\/uploads\/2021\/04\/claude-carre-574x1024.jpg\" alt=\"\" class=\"wp-image-6431\" srcset=\"https:\/\/www.familledelabrie.fr\/wp-content\/uploads\/2021\/04\/claude-carre-574x1024.jpg 574w, https:\/\/www.familledelabrie.fr\/wp-content\/uploads\/2021\/04\/claude-carre-168x300.jpg 168w, https:\/\/www.familledelabrie.fr\/wp-content\/uploads\/2021\/04\/claude-carre.jpg 605w\" sizes=\"auto, (max-width: 574px) 100vw, 574px\" \/><\/a><\/figure>\n","protected":false},"excerpt":{"rendered":"<p>Nous avons appris tardivement le d\u00e9c\u00e8s du chevalier Claude Carr\u00e9 survenu le 1er Avril et enterr\u00e9 le 9 Avril . Claude \u00e9tait membre de la compagnie d&rsquo;arc de Champs sur Marne depuis 1980 et avait \u00e9t\u00e9 re\u00e7u il y a d\u00e9j\u00e0 de nombreuses ann\u00e9es tout comme Madeleine, sa compagne dont nous regrettions d\u00e9j\u00e0 le d\u00e9part &hellip; <a href=\"https:\/\/www.familledelabrie.fr\/?p=6429\" class=\"more-link\">Continuer la lecture de <span class=\"screen-reader-text\">D\u00e9c\u00e8s de Claude Carr\u00e9<\/span> <span class=\"meta-nav\">&rarr;<\/span><\/a><\/p>\n","protected":false},"author":1,"featured_media":0,"comment_status":"open","ping_status":"open","sticky":false,"template":"","format":"standard","meta":{"_bbp_topic_count":0,"_bbp_reply_count":0,"_bbp_total_topic_count":0,"_bbp_total_reply_count":0,"_bbp_voice_count":0,"_bbp_anonymous_reply_count":0,"_bbp_topic_count_hidden":0,"_bbp_reply_count_hidden":0,"_bbp_forum_subforum_count":0,"ngg_post_thumbnail":0,"footnotes":""},"categories":[11],"tags":[],"class_list":["post-6429","post","type-post","status-publish","format-standard","hentry","category-date-devenement"],"_links":{"self":[{"href":"https:\/\/www.familledelabrie.fr\/index.php?rest_route=\/wp\/v2\/posts\/6429","targetHints":{"allow":["GET"]}}],"collection":[{"href":"https:\/\/www.familledelabrie.fr\/index.php?rest_route=\/wp\/v2\/posts"}],"about":[{"href":"https:\/\/www.familledelabrie.fr\/index.php?rest_route=\/wp\/v2\/types\/post"}],"author":[{"embeddable":true,"href":"https:\/\/www.familledelabrie.fr\/index.php?rest_route=\/wp\/v2\/users\/1"}],"replies":[{"embeddable":true,"href":"https:\/\/www.familledelabrie.fr\/index.php?rest_route=%2Fwp%2Fv2%2Fcomments&post=6429"}],"version-history":[{"count":1,"href":"https:\/\/www.familledelabrie.fr\/index.php?rest_route=\/wp\/v2\/posts\/6429\/revisions"}],"predecessor-version":[{"id":6432,"href":"https:\/\/www.familledelabrie.fr\/index.php?rest_route=\/wp\/v2\/posts\/6429\/revisions\/6432"}],"wp:attachment":[{"href":"https:\/\/www.familledelabrie.fr\/index.php?rest_route=%2Fwp%2Fv2%2Fmedia&parent=6429"}],"wp:term":[{"taxonomy":"category","embeddable":true,"href":"https:\/\/www.familledelabrie.fr\/index.php?rest_route=%2Fwp%2Fv2%2Fcategories&post=6429"},{"taxonomy":"post_tag","embeddable":true,"href":"https:\/\/www.familledelabrie.fr\/index.php?rest_route=%2Fwp%2Fv2%2Ftags&post=6429"}],"curies":[{"name":"wp","href":"https:\/\/api.w.org\/{rel}","templated":true}]}}