{"id":6394,"date":"2020-12-20T00:01:51","date_gmt":"2020-12-19T23:01:51","guid":{"rendered":"http:\/\/www.familledelabrie.fr\/?p=6394"},"modified":"2020-12-21T09:29:00","modified_gmt":"2020-12-21T08:29:00","slug":"deces-de-serge-gallet","status":"publish","type":"post","link":"https:\/\/www.familledelabrie.fr\/?p=6394","title":{"rendered":"D\u00e9c\u00e9s de Serge Gallet"},"content":{"rendered":"\n<p>Une bien triste nouvelle \u00e0 vous transmettre. Nous venons d&rsquo;apprendre le d\u00e9c\u00e8s de notre ami et Chevalier Serge GALLET survenu le jeudi 17 d\u00e9cembre 2020 dans sa 89\u00e8me ann\u00e9e. La Covid l&rsquo;a emport\u00e9 lui aussi. Ses obs\u00e8ques auront lieu le jeudi 24 d\u00e9cembre 2020 \u00e0 14h30 au cimeti\u00e8re de BOUVILLE (91880) o\u00f9 il demeurait avec son \u00e9pouse. Ils avaient quitt\u00e9 Montry il y a 4 ans pour se rapprocher de leurs enfants. Sur le tableau de la Cie honorant nos Roys, nous y retrouvons souvent le nom de la famille GALLET et Serge y figure \u00e0 de nombreuses reprises ce qui lui a valu de devenir Empereur. Merci \u00e0 cette famille pour leur d\u00e9vouement au sein de note Compagnie. Nous garderons le souvenir d&rsquo;un homme d&rsquo;une grande gentillesse et plein d&rsquo;humilit\u00e9. Merci \u00e0 toi Chevalier pour tout ce que tu a fait pour la Compagnie de Montry. Tu resteras \u00e0 tout jamais dans nos c\u0153urs.<\/p>\n\n\n\n<p>La Compagnie de Montry te salue.<\/p>\n\n\n\n<figure class=\"wp-block-image size-large is-resized\"><a href=\"https:\/\/www.familledelabrie.fr\/wp-content\/uploads\/2020\/12\/IMGP6412-scaled.jpg\"><img loading=\"lazy\" decoding=\"async\" src=\"https:\/\/www.familledelabrie.fr\/wp-content\/uploads\/2020\/12\/IMGP6412-681x1024.jpg\" alt=\"\" class=\"wp-image-6399\" width=\"550\" height=\"827\" srcset=\"https:\/\/www.familledelabrie.fr\/wp-content\/uploads\/2020\/12\/IMGP6412-681x1024.jpg 681w, https:\/\/www.familledelabrie.fr\/wp-content\/uploads\/2020\/12\/IMGP6412-199x300.jpg 199w, https:\/\/www.familledelabrie.fr\/wp-content\/uploads\/2020\/12\/IMGP6412-768x1155.jpg 768w, https:\/\/www.familledelabrie.fr\/wp-content\/uploads\/2020\/12\/IMGP6412-1021x1536.jpg 1021w, https:\/\/www.familledelabrie.fr\/wp-content\/uploads\/2020\/12\/IMGP6412-1362x2048.jpg 1362w, https:\/\/www.familledelabrie.fr\/wp-content\/uploads\/2020\/12\/IMGP6412-1200x1805.jpg 1200w, https:\/\/www.familledelabrie.fr\/wp-content\/uploads\/2020\/12\/IMGP6412-1980x2978.jpg 1980w, https:\/\/www.familledelabrie.fr\/wp-content\/uploads\/2020\/12\/IMGP6412-scaled.jpg 1702w\" sizes=\"auto, (max-width: 550px) 100vw, 550px\" \/><\/a><figcaption><em>En 2008, f\u00eate de la Famille de la Brie \u00e0 Montry<\/em><\/figcaption><\/figure>\n\n\n\n<p>La Famille de la Brie s&rsquo;associe \u00e0 la peine de la compagnie d&rsquo;arc de Montry, ses amis et bien sur sa famille.<\/p>\n","protected":false},"excerpt":{"rendered":"<p>Une bien triste nouvelle \u00e0 vous transmettre. Nous venons d&rsquo;apprendre le d\u00e9c\u00e8s de notre ami et Chevalier Serge GALLET survenu le jeudi 17 d\u00e9cembre 2020 dans sa 89\u00e8me ann\u00e9e. La Covid l&rsquo;a emport\u00e9 lui aussi. Ses obs\u00e8ques auront lieu le jeudi 24 d\u00e9cembre 2020 \u00e0 14h30 au cimeti\u00e8re de BOUVILLE (91880) o\u00f9 il demeurait avec &hellip; <a href=\"https:\/\/www.familledelabrie.fr\/?p=6394\" class=\"more-link\">Continuer la lecture de <span class=\"screen-reader-text\">D\u00e9c\u00e9s de Serge Gallet<\/span> <span class=\"meta-nav\">&rarr;<\/span><\/a><\/p>\n","protected":false},"author":1,"featured_media":0,"comment_status":"open","ping_status":"open","sticky":false,"template":"","format":"standard","meta":{"_bbp_topic_count":0,"_bbp_reply_count":0,"_bbp_total_topic_count":0,"_bbp_total_reply_count":0,"_bbp_voice_count":0,"_bbp_anonymous_reply_count":0,"_bbp_topic_count_hidden":0,"_bbp_reply_count_hidden":0,"_bbp_forum_subforum_count":0,"ngg_post_thumbnail":0,"footnotes":""},"categories":[11],"tags":[],"class_list":["post-6394","post","type-post","status-publish","format-standard","hentry","category-date-devenement"],"_links":{"self":[{"href":"https:\/\/www.familledelabrie.fr\/index.php?rest_route=\/wp\/v2\/posts\/6394","targetHints":{"allow":["GET"]}}],"collection":[{"href":"https:\/\/www.familledelabrie.fr\/index.php?rest_route=\/wp\/v2\/posts"}],"about":[{"href":"https:\/\/www.familledelabrie.fr\/index.php?rest_route=\/wp\/v2\/types\/post"}],"author":[{"embeddable":true,"href":"https:\/\/www.familledelabrie.fr\/index.php?rest_route=\/wp\/v2\/users\/1"}],"replies":[{"embeddable":true,"href":"https:\/\/www.familledelabrie.fr\/index.php?rest_route=%2Fwp%2Fv2%2Fcomments&post=6394"}],"version-history":[{"count":4,"href":"https:\/\/www.familledelabrie.fr\/index.php?rest_route=\/wp\/v2\/posts\/6394\/revisions"}],"predecessor-version":[{"id":6403,"href":"https:\/\/www.familledelabrie.fr\/index.php?rest_route=\/wp\/v2\/posts\/6394\/revisions\/6403"}],"wp:attachment":[{"href":"https:\/\/www.familledelabrie.fr\/index.php?rest_route=%2Fwp%2Fv2%2Fmedia&parent=6394"}],"wp:term":[{"taxonomy":"category","embeddable":true,"href":"https:\/\/www.familledelabrie.fr\/index.php?rest_route=%2Fwp%2Fv2%2Fcategories&post=6394"},{"taxonomy":"post_tag","embeddable":true,"href":"https:\/\/www.familledelabrie.fr\/index.php?rest_route=%2Fwp%2Fv2%2Ftags&post=6394"}],"curies":[{"name":"wp","href":"https:\/\/api.w.org\/{rel}","templated":true}]}}