{"id":6358,"date":"2020-04-18T09:32:03","date_gmt":"2020-04-18T08:32:03","guid":{"rendered":"http:\/\/www.familledelabrie.fr\/?p=6358"},"modified":"2020-04-18T10:18:44","modified_gmt":"2020-04-18T09:18:44","slug":"deces-de-gilbert-olivier","status":"publish","type":"post","link":"https:\/\/www.familledelabrie.fr\/?p=6358","title":{"rendered":"D\u00e9c\u00e8s de Gilbert Olivier"},"content":{"rendered":"\n<figure class=\"wp-block-image size-large\"><img loading=\"lazy\" decoding=\"async\" width=\"800\" height=\"254\" src=\"https:\/\/www.familledelabrie.fr\/wp-content\/uploads\/2020\/04\/bouquet__02.jpg\" alt=\"\" class=\"wp-image-6373\" srcset=\"https:\/\/www.familledelabrie.fr\/wp-content\/uploads\/2020\/04\/bouquet__02.jpg 800w, https:\/\/www.familledelabrie.fr\/wp-content\/uploads\/2020\/04\/bouquet__02-300x95.jpg 300w, https:\/\/www.familledelabrie.fr\/wp-content\/uploads\/2020\/04\/bouquet__02-768x244.jpg 768w\" sizes=\"auto, (max-width: 800px) 100vw, 800px\" \/><figcaption>Au bouquet de Cond\u00e9 Saint Libiaire 2017, apr\u00e8s avoir remis son \u00e9charpe de pr\u00e9sident de la FFTA \u00e0 Jean-Michel Cl\u00e9roy.<\/figcaption><\/figure>\n\n\n\n<figure class=\"wp-block-image size-large\"><img loading=\"lazy\" decoding=\"async\" width=\"974\" height=\"720\" src=\"https:\/\/www.familledelabrie.fr\/wp-content\/uploads\/2020\/04\/93790733_516263759065118_2057540912493363200_o-1.jpg\" alt=\"\" class=\"wp-image-6362\" srcset=\"https:\/\/www.familledelabrie.fr\/wp-content\/uploads\/2020\/04\/93790733_516263759065118_2057540912493363200_o-1.jpg 974w, https:\/\/www.familledelabrie.fr\/wp-content\/uploads\/2020\/04\/93790733_516263759065118_2057540912493363200_o-1-300x222.jpg 300w, https:\/\/www.familledelabrie.fr\/wp-content\/uploads\/2020\/04\/93790733_516263759065118_2057540912493363200_o-1-768x568.jpg 768w\" sizes=\"auto, (max-width: 974px) 100vw, 974px\" \/><figcaption>Gilbert Olivier avec Frederick Pryka<\/figcaption><\/figure>\n\n\n\n<p>Notre Famille est en deuil, un des n\u00f4tres nous a quitt\u00e9.<\/p>\n\n\n\n<p>Ancien Pr\u00e9sident et pr\u00e9sident d&rsquo;honneur de la Ronde des familles d&rsquo;Ile-de-France, Conn\u00e9table de la Ronde, pr\u00e9sident de la Famille de Beaut\u00e9, ancien capitaine de la Cie de Saint-Maur, conn\u00e9table de la Cie de Saint-Maur.<br \/><\/p>\n\n\n\n<p>Gilbert vient de nous quitter victime du Covid-19.<\/p>\n\n\n\n<p>Nous avons une \u00e9norme pens\u00e9e pour ton \u00e9pouse Nicole, toute sa famille ainsi que pour les archers de la Cie D&rsquo;Arc de Saint Maur \u00e0 qui nous pr\u00e9sentons nos tr\u00e8s fraternelles condol\u00e9ances.<br \/>Au nom des Chevaliers et archers de la Famille de la Brie, nous te saluons.<\/p>\n\n\n\n<figure class=\"wp-block-image size-large\"><img loading=\"lazy\" decoding=\"async\" width=\"576\" height=\"1024\" src=\"https:\/\/www.familledelabrie.fr\/wp-content\/uploads\/2020\/04\/94318665_2896204393829251_8836602260390674432_o-1-576x1024.jpg\" alt=\"\" class=\"wp-image-6363\" srcset=\"https:\/\/www.familledelabrie.fr\/wp-content\/uploads\/2020\/04\/94318665_2896204393829251_8836602260390674432_o-1-576x1024.jpg 576w, https:\/\/www.familledelabrie.fr\/wp-content\/uploads\/2020\/04\/94318665_2896204393829251_8836602260390674432_o-1-169x300.jpg 169w, https:\/\/www.familledelabrie.fr\/wp-content\/uploads\/2020\/04\/94318665_2896204393829251_8836602260390674432_o-1-768x1365.jpg 768w, https:\/\/www.familledelabrie.fr\/wp-content\/uploads\/2020\/04\/94318665_2896204393829251_8836602260390674432_o-1-864x1536.jpg 864w, https:\/\/www.familledelabrie.fr\/wp-content\/uploads\/2020\/04\/94318665_2896204393829251_8836602260390674432_o-1.jpg 1080w\" sizes=\"auto, (max-width: 576px) 100vw, 576px\" \/><figcaption>Gilbert Olivier lors de sa remise d&rsquo;\u00e9charpe de conn\u00e9table de la Ronde<\/figcaption><\/figure>\n\n\n\n<p>Apr\u00e8s Jacques Drgon, Gilbert Olivier aura \u00e9t\u00e9 l&rsquo;un des grands porteurs des travaux et des messages de la Ronde.<\/p>\n\n\n\n<p>Il aura permis la relance des travaux pour mettre \u00e0 jour et diffuser une charte des chevaliers d&rsquo;\u00eele de France au del\u00e0 de notre Ronde, en favorisant les contacts constructifs avec les autres Rondes de France. Cela juste pour transmettre au mieux nos traditions et nos valeurs.<\/p>\n\n\n\n<p>Son engagement, sa lucidit\u00e9 et son humanit\u00e9 nous manqueront beaucoup lors de nos prochaines r\u00e9unions.<\/p>\n","protected":false},"excerpt":{"rendered":"<p>Notre Famille est en deuil, un des n\u00f4tres nous a quitt\u00e9. Ancien Pr\u00e9sident et pr\u00e9sident d&rsquo;honneur de la Ronde des familles d&rsquo;Ile-de-France, Conn\u00e9table de la Ronde, pr\u00e9sident de la Famille de Beaut\u00e9, ancien capitaine de la Cie de Saint-Maur, conn\u00e9table de la Cie de Saint-Maur. Gilbert vient de nous quitter victime du Covid-19. Nous avons &hellip; <a href=\"https:\/\/www.familledelabrie.fr\/?p=6358\" class=\"more-link\">Continuer la lecture de <span class=\"screen-reader-text\">D\u00e9c\u00e8s de Gilbert Olivier<\/span> <span class=\"meta-nav\">&rarr;<\/span><\/a><\/p>\n","protected":false},"author":1,"featured_media":0,"comment_status":"open","ping_status":"open","sticky":false,"template":"","format":"standard","meta":{"_bbp_topic_count":0,"_bbp_reply_count":0,"_bbp_total_topic_count":0,"_bbp_total_reply_count":0,"_bbp_voice_count":0,"_bbp_anonymous_reply_count":0,"_bbp_topic_count_hidden":0,"_bbp_reply_count_hidden":0,"_bbp_forum_subforum_count":0,"ngg_post_thumbnail":0,"footnotes":""},"categories":[11],"tags":[],"class_list":["post-6358","post","type-post","status-publish","format-standard","hentry","category-date-devenement"],"_links":{"self":[{"href":"https:\/\/www.familledelabrie.fr\/index.php?rest_route=\/wp\/v2\/posts\/6358","targetHints":{"allow":["GET"]}}],"collection":[{"href":"https:\/\/www.familledelabrie.fr\/index.php?rest_route=\/wp\/v2\/posts"}],"about":[{"href":"https:\/\/www.familledelabrie.fr\/index.php?rest_route=\/wp\/v2\/types\/post"}],"author":[{"embeddable":true,"href":"https:\/\/www.familledelabrie.fr\/index.php?rest_route=\/wp\/v2\/users\/1"}],"replies":[{"embeddable":true,"href":"https:\/\/www.familledelabrie.fr\/index.php?rest_route=%2Fwp%2Fv2%2Fcomments&post=6358"}],"version-history":[{"count":5,"href":"https:\/\/www.familledelabrie.fr\/index.php?rest_route=\/wp\/v2\/posts\/6358\/revisions"}],"predecessor-version":[{"id":6374,"href":"https:\/\/www.familledelabrie.fr\/index.php?rest_route=\/wp\/v2\/posts\/6358\/revisions\/6374"}],"wp:attachment":[{"href":"https:\/\/www.familledelabrie.fr\/index.php?rest_route=%2Fwp%2Fv2%2Fmedia&parent=6358"}],"wp:term":[{"taxonomy":"category","embeddable":true,"href":"https:\/\/www.familledelabrie.fr\/index.php?rest_route=%2Fwp%2Fv2%2Fcategories&post=6358"},{"taxonomy":"post_tag","embeddable":true,"href":"https:\/\/www.familledelabrie.fr\/index.php?rest_route=%2Fwp%2Fv2%2Ftags&post=6358"}],"curies":[{"name":"wp","href":"https:\/\/api.w.org\/{rel}","templated":true}]}}