{"id":6344,"date":"2020-04-14T19:06:25","date_gmt":"2020-04-14T18:06:25","guid":{"rendered":"http:\/\/www.familledelabrie.fr\/?p=6344"},"modified":"2020-04-14T20:04:36","modified_gmt":"2020-04-14T19:04:36","slug":"deces-de-daniel-dumont","status":"publish","type":"post","link":"https:\/\/www.familledelabrie.fr\/?p=6344","title":{"rendered":"D\u00e9c\u00e8s de Daniel DUMONT"},"content":{"rendered":"\n<div class=\"wp-block-image\"><figure class=\"aligncenter size-large\"><img loading=\"lazy\" decoding=\"async\" width=\"198\" height=\"238\" src=\"https:\/\/www.familledelabrie.fr\/wp-content\/uploads\/2020\/04\/daniel-dumont-1.jpg\" alt=\"\" class=\"wp-image-6348\"\/><\/figure><\/div>\n\n\n\n<p>Nous avons appris le d\u00e9c\u00e8s d&rsquo;un ancien pr\u00e9sident de la Famille de la Brie. <\/p>\n\n\n\n<p>Daniel Dumont est pass\u00e9 \u00e0 Saint Pathus, puis \u00e0 Champs sur Marne, entre 1995 et 2001. D&rsquo;abord greffier, il avait pris la succession de Jacques Drgon \u00e0 la pr\u00e9sidence de la Famille, avant de repartir dans ses terres d&rsquo;origines de Cr\u00e9py en Valois o\u00f9 malheureusement un virus l&rsquo;aura emport\u00e9 le 13 avril 2020!<\/p>\n\n\n\n<p><\/p>\n\n\n\n<p>En m\u00e9moire, ce texte disponible sur le site de la compagnie de Senlis Montauban et qui lui est attribu\u00e9:<\/p>\n\n\n\n<p><a href=\"https:\/\/compagniemontauban.files.wordpress.com\/2013\/02\/file0035.jpg\">https:\/\/compagniemontauban.files.wordpress.com\/2013\/02\/file0035.jpg<\/a><\/p>\n","protected":false},"excerpt":{"rendered":"<p>Nous avons appris le d\u00e9c\u00e8s d&rsquo;un ancien pr\u00e9sident de la Famille de la Brie. Daniel Dumont est pass\u00e9 \u00e0 Saint Pathus, puis \u00e0 Champs sur Marne, entre 1995 et 2001. D&rsquo;abord greffier, il avait pris la succession de Jacques Drgon \u00e0 la pr\u00e9sidence de la Famille, avant de repartir dans ses terres d&rsquo;origines de Cr\u00e9py &hellip; <a href=\"https:\/\/www.familledelabrie.fr\/?p=6344\" class=\"more-link\">Continuer la lecture de <span class=\"screen-reader-text\">D\u00e9c\u00e8s de Daniel DUMONT<\/span> <span class=\"meta-nav\">&rarr;<\/span><\/a><\/p>\n","protected":false},"author":1,"featured_media":0,"comment_status":"open","ping_status":"open","sticky":false,"template":"","format":"standard","meta":{"_bbp_topic_count":0,"_bbp_reply_count":0,"_bbp_total_topic_count":0,"_bbp_total_reply_count":0,"_bbp_voice_count":0,"_bbp_anonymous_reply_count":0,"_bbp_topic_count_hidden":0,"_bbp_reply_count_hidden":0,"_bbp_forum_subforum_count":0,"ngg_post_thumbnail":0,"footnotes":""},"categories":[11],"tags":[],"class_list":["post-6344","post","type-post","status-publish","format-standard","hentry","category-date-devenement"],"_links":{"self":[{"href":"https:\/\/www.familledelabrie.fr\/index.php?rest_route=\/wp\/v2\/posts\/6344","targetHints":{"allow":["GET"]}}],"collection":[{"href":"https:\/\/www.familledelabrie.fr\/index.php?rest_route=\/wp\/v2\/posts"}],"about":[{"href":"https:\/\/www.familledelabrie.fr\/index.php?rest_route=\/wp\/v2\/types\/post"}],"author":[{"embeddable":true,"href":"https:\/\/www.familledelabrie.fr\/index.php?rest_route=\/wp\/v2\/users\/1"}],"replies":[{"embeddable":true,"href":"https:\/\/www.familledelabrie.fr\/index.php?rest_route=%2Fwp%2Fv2%2Fcomments&post=6344"}],"version-history":[{"count":6,"href":"https:\/\/www.familledelabrie.fr\/index.php?rest_route=\/wp\/v2\/posts\/6344\/revisions"}],"predecessor-version":[{"id":6356,"href":"https:\/\/www.familledelabrie.fr\/index.php?rest_route=\/wp\/v2\/posts\/6344\/revisions\/6356"}],"wp:attachment":[{"href":"https:\/\/www.familledelabrie.fr\/index.php?rest_route=%2Fwp%2Fv2%2Fmedia&parent=6344"}],"wp:term":[{"taxonomy":"category","embeddable":true,"href":"https:\/\/www.familledelabrie.fr\/index.php?rest_route=%2Fwp%2Fv2%2Fcategories&post=6344"},{"taxonomy":"post_tag","embeddable":true,"href":"https:\/\/www.familledelabrie.fr\/index.php?rest_route=%2Fwp%2Fv2%2Ftags&post=6344"}],"curies":[{"name":"wp","href":"https:\/\/api.w.org\/{rel}","templated":true}]}}