{"id":6341,"date":"2020-04-07T21:49:56","date_gmt":"2020-04-07T20:49:56","guid":{"rendered":"http:\/\/www.familledelabrie.fr\/?p=6341"},"modified":"2020-04-07T21:49:58","modified_gmt":"2020-04-07T20:49:58","slug":"deces-de-jacques-sterbecq","status":"publish","type":"post","link":"https:\/\/www.familledelabrie.fr\/?p=6341","title":{"rendered":"D\u00e9c\u00e8s de Jacques Sterbecq"},"content":{"rendered":"\n<figure class=\"wp-block-image\"><img decoding=\"async\" src=\"https:\/\/scontent-prg1-1.xx.fbcdn.net\/v\/t1.0-9\/92664262_876818432730855_1423127981781417984_n.jpg?_nc_cat=104&amp;_nc_sid=8024bb&amp;_nc_oc=AQllFFWpCy220HdfuNl8xqQ1Hg4OvsnmH9gLnUowR7yYeFVLhU22SAmAJU_D8KxDGoQ&amp;_nc_ht=scontent-prg1-1.xx&amp;oh=f6b489f3e5ac80bc817073583a67323a&amp;oe=5EB17239\" alt=\"L\u2019image contient peut-\u00eatre\u00a0: 1 personne, sourit, lunettes, plein air et gros plan\"\/><figcaption><img decoding=\"async\" src=\"https:\/\/scontent-prg1-1.xx.fbcdn.net\/v\/t1.0-9\/92799738_876818579397507_885402727771799552_o.jpg?_nc_cat=107&amp;_nc_sid=8024bb&amp;_nc_oc=AQk4NdajrECRUwUwvrbuFcCXv3iDWaOzUw2FMxCnjuHFHPktWfsV7gpsP9Edd9Fw3nQ&amp;_nc_ht=scontent-prg1-1.xx&amp;oh=cb8bc783a7a56652b1b317929a9e78ba&amp;oe=5EB43E85\" alt=\"L\u2019image contient peut-\u00eatre\u00a0: 7 personnes\"\/><br \/>En cette p\u00e9riode de crise, nul n&rsquo;est \u00e9pargn\u00e9. C&rsquo;est avec une grande tristesse que nous apprenons aujourd&rsquo;hui le d\u00e9c\u00e8s de Jacques Sterbecq \u00e0 l&rsquo;\u00e2ge de 87 ans. En 2004, Jacques a \u00e9t\u00e9 \u00e9lu Conn\u00e9table de la compagnie. Nos sinc\u00e8res condol\u00e9ances \u00e0 sa femme et \u00e0 sa famille<\/figcaption><\/figure>\n","protected":false},"excerpt":{"rendered":"","protected":false},"author":1,"featured_media":0,"comment_status":"open","ping_status":"open","sticky":false,"template":"","format":"standard","meta":{"_bbp_topic_count":0,"_bbp_reply_count":0,"_bbp_total_topic_count":0,"_bbp_total_reply_count":0,"_bbp_voice_count":0,"_bbp_anonymous_reply_count":0,"_bbp_topic_count_hidden":0,"_bbp_reply_count_hidden":0,"_bbp_forum_subforum_count":0,"ngg_post_thumbnail":0,"footnotes":""},"categories":[11],"tags":[],"class_list":["post-6341","post","type-post","status-publish","format-standard","hentry","category-date-devenement"],"_links":{"self":[{"href":"https:\/\/www.familledelabrie.fr\/index.php?rest_route=\/wp\/v2\/posts\/6341","targetHints":{"allow":["GET"]}}],"collection":[{"href":"https:\/\/www.familledelabrie.fr\/index.php?rest_route=\/wp\/v2\/posts"}],"about":[{"href":"https:\/\/www.familledelabrie.fr\/index.php?rest_route=\/wp\/v2\/types\/post"}],"author":[{"embeddable":true,"href":"https:\/\/www.familledelabrie.fr\/index.php?rest_route=\/wp\/v2\/users\/1"}],"replies":[{"embeddable":true,"href":"https:\/\/www.familledelabrie.fr\/index.php?rest_route=%2Fwp%2Fv2%2Fcomments&post=6341"}],"version-history":[{"count":1,"href":"https:\/\/www.familledelabrie.fr\/index.php?rest_route=\/wp\/v2\/posts\/6341\/revisions"}],"predecessor-version":[{"id":6342,"href":"https:\/\/www.familledelabrie.fr\/index.php?rest_route=\/wp\/v2\/posts\/6341\/revisions\/6342"}],"wp:attachment":[{"href":"https:\/\/www.familledelabrie.fr\/index.php?rest_route=%2Fwp%2Fv2%2Fmedia&parent=6341"}],"wp:term":[{"taxonomy":"category","embeddable":true,"href":"https:\/\/www.familledelabrie.fr\/index.php?rest_route=%2Fwp%2Fv2%2Fcategories&post=6341"},{"taxonomy":"post_tag","embeddable":true,"href":"https:\/\/www.familledelabrie.fr\/index.php?rest_route=%2Fwp%2Fv2%2Ftags&post=6341"}],"curies":[{"name":"wp","href":"https:\/\/api.w.org\/{rel}","templated":true}]}}