{"id":6193,"date":"2019-08-27T16:34:43","date_gmt":"2019-08-27T15:34:43","guid":{"rendered":"http:\/\/www.familledelabrie.fr\/?p=6193"},"modified":"2019-08-27T16:34:45","modified_gmt":"2019-08-27T15:34:45","slug":"la-briarde-un-qualificatif-dans-la-famille","status":"publish","type":"post","link":"https:\/\/www.familledelabrie.fr\/?p=6193","title":{"rendered":"La Briarde, un qualificatif dans la Famille"},"content":{"rendered":"\n<p>Cette ann\u00e9e, la compagnie d&rsquo;arc de Esbly organise le 31 et 1er Aout, le 1er Beursault qualificatif de la Famille de la Brie : La Briarde.<\/p>\n\n\n\n<p>Effectivement, c&rsquo;est suite \u00e0 d\u00e9cision de la Famille de proposer une possibilit\u00e9 suppl\u00e9mentaire de se qualifier au France et R\u00e9gionnal Beursault que la compagnie d&rsquo;Esbly a d\u00e9cid\u00e9 de mettre \u00e0 disposition ses moyens et ressources, avec le soutien des compagnies de la Famille pour rajouter un nouveau concours \u00e0 son calendrier.<\/p>\n\n\n\n<p><a href=\"https:\/\/www.familledelabrie.fr\/wp-content\/uploads\/2019\/08\/mandat-La-Briarde-2019.pdf\">Mandat ici.<\/a><\/p>\n\n\n\n<p>Tous les gagnants auront des bons cadeaux de la Famille<\/p>\n","protected":false},"excerpt":{"rendered":"<p>Cette ann\u00e9e, la compagnie d&rsquo;arc de Esbly organise le 31 et 1er Aout, le 1er Beursault qualificatif de la Famille de la Brie : La Briarde. Effectivement, c&rsquo;est suite \u00e0 d\u00e9cision de la Famille de proposer une possibilit\u00e9 suppl\u00e9mentaire de se qualifier au France et R\u00e9gionnal Beursault que la compagnie d&rsquo;Esbly a d\u00e9cid\u00e9 de mettre &hellip; <a href=\"https:\/\/www.familledelabrie.fr\/?p=6193\" class=\"more-link\">Continuer la lecture de <span class=\"screen-reader-text\">La Briarde, un qualificatif dans la Famille<\/span> <span class=\"meta-nav\">&rarr;<\/span><\/a><\/p>\n","protected":false},"author":1,"featured_media":0,"comment_status":"open","ping_status":"open","sticky":false,"template":"","format":"standard","meta":{"_bbp_topic_count":0,"_bbp_reply_count":0,"_bbp_total_topic_count":0,"_bbp_total_reply_count":0,"_bbp_voice_count":0,"_bbp_anonymous_reply_count":0,"_bbp_topic_count_hidden":0,"_bbp_reply_count_hidden":0,"_bbp_forum_subforum_count":0,"ngg_post_thumbnail":0,"footnotes":""},"categories":[11],"tags":[],"class_list":["post-6193","post","type-post","status-publish","format-standard","hentry","category-date-devenement"],"_links":{"self":[{"href":"https:\/\/www.familledelabrie.fr\/index.php?rest_route=\/wp\/v2\/posts\/6193","targetHints":{"allow":["GET"]}}],"collection":[{"href":"https:\/\/www.familledelabrie.fr\/index.php?rest_route=\/wp\/v2\/posts"}],"about":[{"href":"https:\/\/www.familledelabrie.fr\/index.php?rest_route=\/wp\/v2\/types\/post"}],"author":[{"embeddable":true,"href":"https:\/\/www.familledelabrie.fr\/index.php?rest_route=\/wp\/v2\/users\/1"}],"replies":[{"embeddable":true,"href":"https:\/\/www.familledelabrie.fr\/index.php?rest_route=%2Fwp%2Fv2%2Fcomments&post=6193"}],"version-history":[{"count":2,"href":"https:\/\/www.familledelabrie.fr\/index.php?rest_route=\/wp\/v2\/posts\/6193\/revisions"}],"predecessor-version":[{"id":6195,"href":"https:\/\/www.familledelabrie.fr\/index.php?rest_route=\/wp\/v2\/posts\/6193\/revisions\/6195"}],"wp:attachment":[{"href":"https:\/\/www.familledelabrie.fr\/index.php?rest_route=%2Fwp%2Fv2%2Fmedia&parent=6193"}],"wp:term":[{"taxonomy":"category","embeddable":true,"href":"https:\/\/www.familledelabrie.fr\/index.php?rest_route=%2Fwp%2Fv2%2Fcategories&post=6193"},{"taxonomy":"post_tag","embeddable":true,"href":"https:\/\/www.familledelabrie.fr\/index.php?rest_route=%2Fwp%2Fv2%2Ftags&post=6193"}],"curies":[{"name":"wp","href":"https:\/\/api.w.org\/{rel}","templated":true}]}}