{"id":6189,"date":"2019-08-27T16:27:18","date_gmt":"2019-08-27T15:27:18","guid":{"rendered":"http:\/\/www.familledelabrie.fr\/?p=6189"},"modified":"2019-08-27T16:27:20","modified_gmt":"2019-08-27T15:27:20","slug":"bicentenaire-de-la-compagnie-de-montry","status":"publish","type":"post","link":"https:\/\/www.familledelabrie.fr\/?p=6189","title":{"rendered":"Bicentenaire de la compagnie de Montry"},"content":{"rendered":"\n<p>La compagnie d&rsquo;arc de Montry a f\u00eat\u00e9 en grande pompe, samedi 24 Ao\u00fbt 2019 le bicentenaire de sa recr\u00e9ation post-r\u00e9volution. Avec d\u00e9fil\u00e9, musique, salutation aux monuments au mort, mot du maire et salut des buttes, tir et repas. Ce sont plus de 30 drapeaux (\u00e0 vue d\u2019\u0153il) qui ont salu\u00e9s la compagnie.<\/p>\n\n\n\n<p>Claude Fl\u00e8che a \u00e9t\u00e9 r\u00e9compens\u00e9 pour sa d\u00e9votion \u00e0 sa compagnie et \u00e0 l&rsquo;archerie et les les archers en g\u00e9n\u00e9ral, par la remise d&rsquo;une \u00e9charpe de Conn\u00e9table. <\/p>\n\n\n\n<p>Jean-Fran\u00e7ois Bic a quant \u00e0 lui \u00e9t\u00e9 r\u00e9compens\u00e9 pour ses nombreux titres sous les couleurs de la compagnie, y compris de roi (de la compagnie, de la Famille de la Brie et e France)<\/p>\n\n\n\n<p>Enfin ce week end a donc \u00e9t\u00e9 marqu\u00e9 par le d\u00e9but de tir du bicentenaire pour quelques semaines? <a href=\"https:\/\/www.familledelabrie.fr\/wp-content\/uploads\/2019\/08\/Mandat-du-Bicentenaire-6.pdf\">Mandat ici<\/a><\/p>\n\n\n\n<p>Tout le monde est invit\u00e9 \u00e0 y participer et si besoin \u00e0 demander les disponibilit\u00e9s en semaine pour cela.<\/p>\n","protected":false},"excerpt":{"rendered":"<p>La compagnie d&rsquo;arc de Montry a f\u00eat\u00e9 en grande pompe, samedi 24 Ao\u00fbt 2019 le bicentenaire de sa recr\u00e9ation post-r\u00e9volution. Avec d\u00e9fil\u00e9, musique, salutation aux monuments au mort, mot du maire et salut des buttes, tir et repas. Ce sont plus de 30 drapeaux (\u00e0 vue d\u2019\u0153il) qui ont salu\u00e9s la compagnie. Claude Fl\u00e8che a &hellip; <a href=\"https:\/\/www.familledelabrie.fr\/?p=6189\" class=\"more-link\">Continuer la lecture de <span class=\"screen-reader-text\">Bicentenaire de la compagnie de Montry<\/span> <span class=\"meta-nav\">&rarr;<\/span><\/a><\/p>\n","protected":false},"author":1,"featured_media":0,"comment_status":"open","ping_status":"open","sticky":false,"template":"","format":"standard","meta":{"_bbp_topic_count":0,"_bbp_reply_count":0,"_bbp_total_topic_count":0,"_bbp_total_reply_count":0,"_bbp_voice_count":0,"_bbp_anonymous_reply_count":0,"_bbp_topic_count_hidden":0,"_bbp_reply_count_hidden":0,"_bbp_forum_subforum_count":0,"ngg_post_thumbnail":0,"footnotes":""},"categories":[11],"tags":[],"class_list":["post-6189","post","type-post","status-publish","format-standard","hentry","category-date-devenement"],"_links":{"self":[{"href":"https:\/\/www.familledelabrie.fr\/index.php?rest_route=\/wp\/v2\/posts\/6189","targetHints":{"allow":["GET"]}}],"collection":[{"href":"https:\/\/www.familledelabrie.fr\/index.php?rest_route=\/wp\/v2\/posts"}],"about":[{"href":"https:\/\/www.familledelabrie.fr\/index.php?rest_route=\/wp\/v2\/types\/post"}],"author":[{"embeddable":true,"href":"https:\/\/www.familledelabrie.fr\/index.php?rest_route=\/wp\/v2\/users\/1"}],"replies":[{"embeddable":true,"href":"https:\/\/www.familledelabrie.fr\/index.php?rest_route=%2Fwp%2Fv2%2Fcomments&post=6189"}],"version-history":[{"count":1,"href":"https:\/\/www.familledelabrie.fr\/index.php?rest_route=\/wp\/v2\/posts\/6189\/revisions"}],"predecessor-version":[{"id":6190,"href":"https:\/\/www.familledelabrie.fr\/index.php?rest_route=\/wp\/v2\/posts\/6189\/revisions\/6190"}],"wp:attachment":[{"href":"https:\/\/www.familledelabrie.fr\/index.php?rest_route=%2Fwp%2Fv2%2Fmedia&parent=6189"}],"wp:term":[{"taxonomy":"category","embeddable":true,"href":"https:\/\/www.familledelabrie.fr\/index.php?rest_route=%2Fwp%2Fv2%2Fcategories&post=6189"},{"taxonomy":"post_tag","embeddable":true,"href":"https:\/\/www.familledelabrie.fr\/index.php?rest_route=%2Fwp%2Fv2%2Ftags&post=6189"}],"curies":[{"name":"wp","href":"https:\/\/api.w.org\/{rel}","templated":true}]}}