{"id":6103,"date":"2019-05-07T15:19:28","date_gmt":"2019-05-07T14:19:28","guid":{"rendered":"http:\/\/www.familledelabrie.fr\/?p=6103"},"modified":"2019-05-07T15:21:18","modified_gmt":"2019-05-07T14:21:18","slug":"fete-de-la-famille-2019","status":"publish","type":"post","link":"https:\/\/www.familledelabrie.fr\/?p=6103","title":{"rendered":"F\u00eate de la Famille 2019"},"content":{"rendered":"<p>La mandat de la f\u00eate de la Famille qui aura lieue le 30 mai 2019 est disponible sur le site<\/p>\n<p>Attention, concours de Tartes cette ann\u00e9e!<\/p>\n<blockquote class=\"wp-embedded-content\" data-secret=\"2OGg2IQSSN\"><p><a href=\"https:\/\/www.familledelabrie.fr\/?page_id=61\">F\u00eate de la Famille<\/a><\/p><\/blockquote>\n<p><iframe loading=\"lazy\" class=\"wp-embedded-content\" sandbox=\"allow-scripts\" security=\"restricted\" style=\"position: absolute; clip: rect(1px, 1px, 1px, 1px);\" title=\"\u00ab\u00a0F\u00eate de la Famille\u00a0\u00bb &#8212; Famille de la Brie\" src=\"https:\/\/www.familledelabrie.fr\/?page_id=61&#038;embed=true#?secret=2O2AOuK0lU#?secret=2OGg2IQSSN\" data-secret=\"2OGg2IQSSN\" width=\"600\" height=\"338\" frameborder=\"0\" marginwidth=\"0\" marginheight=\"0\" scrolling=\"no\"><\/iframe><\/p>\n","protected":false},"excerpt":{"rendered":"<p>La mandat de la f\u00eate de la Famille qui aura lieue le 30 mai 2019 est disponible sur le site Attention, concours de Tartes cette ann\u00e9e! F\u00eate de la Famille<\/p>\n","protected":false},"author":1,"featured_media":0,"comment_status":"open","ping_status":"open","sticky":false,"template":"","format":"standard","meta":{"_bbp_topic_count":0,"_bbp_reply_count":0,"_bbp_total_topic_count":0,"_bbp_total_reply_count":0,"_bbp_voice_count":0,"_bbp_anonymous_reply_count":0,"_bbp_topic_count_hidden":0,"_bbp_reply_count_hidden":0,"_bbp_forum_subforum_count":0,"ngg_post_thumbnail":0,"footnotes":""},"categories":[1],"tags":[],"class_list":["post-6103","post","type-post","status-publish","format-standard","hentry","category-non-classe"],"_links":{"self":[{"href":"https:\/\/www.familledelabrie.fr\/index.php?rest_route=\/wp\/v2\/posts\/6103","targetHints":{"allow":["GET"]}}],"collection":[{"href":"https:\/\/www.familledelabrie.fr\/index.php?rest_route=\/wp\/v2\/posts"}],"about":[{"href":"https:\/\/www.familledelabrie.fr\/index.php?rest_route=\/wp\/v2\/types\/post"}],"author":[{"embeddable":true,"href":"https:\/\/www.familledelabrie.fr\/index.php?rest_route=\/wp\/v2\/users\/1"}],"replies":[{"embeddable":true,"href":"https:\/\/www.familledelabrie.fr\/index.php?rest_route=%2Fwp%2Fv2%2Fcomments&post=6103"}],"version-history":[{"count":1,"href":"https:\/\/www.familledelabrie.fr\/index.php?rest_route=\/wp\/v2\/posts\/6103\/revisions"}],"predecessor-version":[{"id":6104,"href":"https:\/\/www.familledelabrie.fr\/index.php?rest_route=\/wp\/v2\/posts\/6103\/revisions\/6104"}],"wp:attachment":[{"href":"https:\/\/www.familledelabrie.fr\/index.php?rest_route=%2Fwp%2Fv2%2Fmedia&parent=6103"}],"wp:term":[{"taxonomy":"category","embeddable":true,"href":"https:\/\/www.familledelabrie.fr\/index.php?rest_route=%2Fwp%2Fv2%2Fcategories&post=6103"},{"taxonomy":"post_tag","embeddable":true,"href":"https:\/\/www.familledelabrie.fr\/index.php?rest_route=%2Fwp%2Fv2%2Ftags&post=6103"}],"curies":[{"name":"wp","href":"https:\/\/api.w.org\/{rel}","templated":true}]}}