{"id":4216,"date":"2018-12-10T12:25:56","date_gmt":"2018-12-10T11:25:56","guid":{"rendered":"http:\/\/www.familledelabrie.fr\/?p=4216"},"modified":"2018-12-15T13:35:52","modified_gmt":"2018-12-15T12:35:52","slug":"deces-de-patrice-gobert-de-montry","status":"publish","type":"post","link":"https:\/\/www.familledelabrie.fr\/?p=4216","title":{"rendered":"D\u00e9c\u00e9s de Patrice Gobert de Montry"},"content":{"rendered":"<p>Patrice Gobert surnomm\u00e9 Titi vient de nous quitter des suites d&rsquo;une longue maladie.&nbsp;<br \/>\nNous adressons nos tr\u00e8s sinc\u00e8res condol\u00e9ances \u00e0 sa famille.&nbsp;<\/p>\n<p><img loading=\"lazy\" decoding=\"async\" class=\"alignnone size-medium wp-image-4217\" src=\"https:\/\/www.familledelabrie.fr\/wp-content\/uploads\/2018\/12\/patrice-gobert-225x300.jpg\" alt=\"\" width=\"225\" height=\"300\" srcset=\"https:\/\/www.familledelabrie.fr\/wp-content\/uploads\/2018\/12\/patrice-gobert-225x300.jpg 225w, https:\/\/www.familledelabrie.fr\/wp-content\/uploads\/2018\/12\/patrice-gobert.jpg 720w\" sizes=\"auto, (max-width: 225px) 100vw, 225px\" \/><\/p>\n<p>Les obs\u00e8ques auront lieu lundi 17 \u00e0 15H au cr\u00e9matorium de Mareuil les Meaux, zac de la haute borne, 175 avenue fortes terres<\/p>\n<p>Elles seront suivies de la partie de deuil a la compagnie de Montry<\/p>\n","protected":false},"excerpt":{"rendered":"<p>Patrice Gobert surnomm\u00e9 Titi vient de nous quitter des suites d&rsquo;une longue maladie.&nbsp; Nous adressons nos tr\u00e8s sinc\u00e8res condol\u00e9ances \u00e0 sa famille.&nbsp; Les obs\u00e8ques auront lieu lundi 17 \u00e0 15H au cr\u00e9matorium de Mareuil les Meaux, zac de la haute borne, 175 avenue fortes terres Elles seront suivies de la partie de deuil a la &hellip; <a href=\"https:\/\/www.familledelabrie.fr\/?p=4216\" class=\"more-link\">Continuer la lecture de <span class=\"screen-reader-text\">D\u00e9c\u00e9s de Patrice Gobert de Montry<\/span> <span class=\"meta-nav\">&rarr;<\/span><\/a><\/p>\n","protected":false},"author":1,"featured_media":0,"comment_status":"open","ping_status":"open","sticky":false,"template":"","format":"standard","meta":{"_bbp_topic_count":0,"_bbp_reply_count":0,"_bbp_total_topic_count":0,"_bbp_total_reply_count":0,"_bbp_voice_count":0,"_bbp_anonymous_reply_count":0,"_bbp_topic_count_hidden":0,"_bbp_reply_count_hidden":0,"_bbp_forum_subforum_count":0,"ngg_post_thumbnail":0,"footnotes":""},"categories":[1],"tags":[],"class_list":["post-4216","post","type-post","status-publish","format-standard","hentry","category-non-classe"],"_links":{"self":[{"href":"https:\/\/www.familledelabrie.fr\/index.php?rest_route=\/wp\/v2\/posts\/4216","targetHints":{"allow":["GET"]}}],"collection":[{"href":"https:\/\/www.familledelabrie.fr\/index.php?rest_route=\/wp\/v2\/posts"}],"about":[{"href":"https:\/\/www.familledelabrie.fr\/index.php?rest_route=\/wp\/v2\/types\/post"}],"author":[{"embeddable":true,"href":"https:\/\/www.familledelabrie.fr\/index.php?rest_route=\/wp\/v2\/users\/1"}],"replies":[{"embeddable":true,"href":"https:\/\/www.familledelabrie.fr\/index.php?rest_route=%2Fwp%2Fv2%2Fcomments&post=4216"}],"version-history":[{"count":3,"href":"https:\/\/www.familledelabrie.fr\/index.php?rest_route=\/wp\/v2\/posts\/4216\/revisions"}],"predecessor-version":[{"id":4339,"href":"https:\/\/www.familledelabrie.fr\/index.php?rest_route=\/wp\/v2\/posts\/4216\/revisions\/4339"}],"wp:attachment":[{"href":"https:\/\/www.familledelabrie.fr\/index.php?rest_route=%2Fwp%2Fv2%2Fmedia&parent=4216"}],"wp:term":[{"taxonomy":"category","embeddable":true,"href":"https:\/\/www.familledelabrie.fr\/index.php?rest_route=%2Fwp%2Fv2%2Fcategories&post=4216"},{"taxonomy":"post_tag","embeddable":true,"href":"https:\/\/www.familledelabrie.fr\/index.php?rest_route=%2Fwp%2Fv2%2Ftags&post=4216"}],"curies":[{"name":"wp","href":"https:\/\/api.w.org\/{rel}","templated":true}]}}