{"id":4048,"date":"2018-11-18T12:23:53","date_gmt":"2018-11-18T11:23:53","guid":{"rendered":"http:\/\/www.familledelabrie.fr\/?p=4048"},"modified":"2018-11-18T12:27:11","modified_gmt":"2018-11-18T11:27:11","slug":"deces-de-daniel-carpentier","status":"publish","type":"post","link":"https:\/\/www.familledelabrie.fr\/?p=4048","title":{"rendered":"D\u00e9c\u00e9s de Daniel Carpentier"},"content":{"rendered":"<p>Les archers de la compagnie d&rsquo;arc de Saint Pathus ont perdu leur porte drapeau et ami Daniel Carpentier.<\/p>\n<p>Toute la Famille de la Brie se joint \u00e0 eux et aux proches de Daniel qui sera inhum\u00e9 le Mardi 20 novembre.&nbsp;<\/p>\n<p>Une c\u00e9r\u00e9monie religieuse se d\u00e9roulera \u00e0 l&rsquo;\u00e9glise de Saint Pathus \u00e0 <strong>15h<\/strong>, puis s&rsquo;en suivra la partie de deuil au jeu d&rsquo;arc.<\/p>\n<p><img loading=\"lazy\" decoding=\"async\" class=\"alignnone size-medium wp-image-4049\" src=\"https:\/\/www.familledelabrie.fr\/wp-content\/uploads\/2018\/11\/photo-doudou-199x300.jpg\" alt=\"\" width=\"199\" height=\"300\" srcset=\"https:\/\/www.familledelabrie.fr\/wp-content\/uploads\/2018\/11\/photo-doudou-199x300.jpg 199w, https:\/\/www.familledelabrie.fr\/wp-content\/uploads\/2018\/11\/photo-doudou-768x1160.jpg 768w, https:\/\/www.familledelabrie.fr\/wp-content\/uploads\/2018\/11\/photo-doudou-678x1024.jpg 678w, https:\/\/www.familledelabrie.fr\/wp-content\/uploads\/2018\/11\/photo-doudou-1200x1812.jpg 1200w, https:\/\/www.familledelabrie.fr\/wp-content\/uploads\/2018\/11\/photo-doudou.jpg 1224w\" sizes=\"auto, (max-width: 199px) 100vw, 199px\" \/><\/p>\n<p>Archer, nous te saluons<\/p>\n","protected":false},"excerpt":{"rendered":"<p>Les archers de la compagnie d&rsquo;arc de Saint Pathus ont perdu leur porte drapeau et ami Daniel Carpentier. Toute la Famille de la Brie se joint \u00e0 eux et aux proches de Daniel qui sera inhum\u00e9 le Mardi 20 novembre.&nbsp; Une c\u00e9r\u00e9monie religieuse se d\u00e9roulera \u00e0 l&rsquo;\u00e9glise de Saint Pathus \u00e0 15h, puis s&rsquo;en suivra &hellip; <a href=\"https:\/\/www.familledelabrie.fr\/?p=4048\" class=\"more-link\">Continuer la lecture de <span class=\"screen-reader-text\">D\u00e9c\u00e9s de Daniel Carpentier<\/span> <span class=\"meta-nav\">&rarr;<\/span><\/a><\/p>\n","protected":false},"author":1,"featured_media":0,"comment_status":"open","ping_status":"open","sticky":false,"template":"","format":"standard","meta":{"_bbp_topic_count":0,"_bbp_reply_count":0,"_bbp_total_topic_count":0,"_bbp_total_reply_count":0,"_bbp_voice_count":0,"_bbp_anonymous_reply_count":0,"_bbp_topic_count_hidden":0,"_bbp_reply_count_hidden":0,"_bbp_forum_subforum_count":0,"ngg_post_thumbnail":0,"footnotes":""},"categories":[1],"tags":[],"class_list":["post-4048","post","type-post","status-publish","format-standard","hentry","category-non-classe"],"_links":{"self":[{"href":"https:\/\/www.familledelabrie.fr\/index.php?rest_route=\/wp\/v2\/posts\/4048","targetHints":{"allow":["GET"]}}],"collection":[{"href":"https:\/\/www.familledelabrie.fr\/index.php?rest_route=\/wp\/v2\/posts"}],"about":[{"href":"https:\/\/www.familledelabrie.fr\/index.php?rest_route=\/wp\/v2\/types\/post"}],"author":[{"embeddable":true,"href":"https:\/\/www.familledelabrie.fr\/index.php?rest_route=\/wp\/v2\/users\/1"}],"replies":[{"embeddable":true,"href":"https:\/\/www.familledelabrie.fr\/index.php?rest_route=%2Fwp%2Fv2%2Fcomments&post=4048"}],"version-history":[{"count":1,"href":"https:\/\/www.familledelabrie.fr\/index.php?rest_route=\/wp\/v2\/posts\/4048\/revisions"}],"predecessor-version":[{"id":4050,"href":"https:\/\/www.familledelabrie.fr\/index.php?rest_route=\/wp\/v2\/posts\/4048\/revisions\/4050"}],"wp:attachment":[{"href":"https:\/\/www.familledelabrie.fr\/index.php?rest_route=%2Fwp%2Fv2%2Fmedia&parent=4048"}],"wp:term":[{"taxonomy":"category","embeddable":true,"href":"https:\/\/www.familledelabrie.fr\/index.php?rest_route=%2Fwp%2Fv2%2Fcategories&post=4048"},{"taxonomy":"post_tag","embeddable":true,"href":"https:\/\/www.familledelabrie.fr\/index.php?rest_route=%2Fwp%2Fv2%2Ftags&post=4048"}],"curies":[{"name":"wp","href":"https:\/\/api.w.org\/{rel}","templated":true}]}}