{"id":3604,"date":"2018-10-02T13:09:42","date_gmt":"2018-10-02T12:09:42","guid":{"rendered":"http:\/\/www.familledelabrie.fr\/?p=3604"},"modified":"2018-10-02T13:14:39","modified_gmt":"2018-10-02T12:14:39","slug":"deces-de-marc-morere","status":"publish","type":"post","link":"https:\/\/www.familledelabrie.fr\/?p=3604","title":{"rendered":"D\u00e9c\u00e9s de Marc Mor\u00e8re"},"content":{"rendered":"<p>La compagnie de Dampmart et Les&nbsp; Archers du Vert Galant nous ont fait part du chevalier Marc Mor\u00e8re.&nbsp;<\/p>\n<p>Elles nous invitent \u00e0 la partie de deuil le jeudi et une un hommage le samedi matin<\/p>\n<p><a href=\"https:\/\/www.familledelabrie.fr\/wp-content\/uploads\/2018\/10\/42864367_1825766324206402_8568820451168485376_o.jpg\"><img loading=\"lazy\" decoding=\"async\" class=\"alignnone wp-image-3605 size-large\" src=\"https:\/\/www.familledelabrie.fr\/wp-content\/uploads\/2018\/10\/42864367_1825766324206402_8568820451168485376_o-1024x716.jpg\" alt=\"\" width=\"840\" height=\"587\" srcset=\"https:\/\/www.familledelabrie.fr\/wp-content\/uploads\/2018\/10\/42864367_1825766324206402_8568820451168485376_o-1024x716.jpg 1024w, https:\/\/www.familledelabrie.fr\/wp-content\/uploads\/2018\/10\/42864367_1825766324206402_8568820451168485376_o-300x210.jpg 300w, https:\/\/www.familledelabrie.fr\/wp-content\/uploads\/2018\/10\/42864367_1825766324206402_8568820451168485376_o-768x537.jpg 768w, https:\/\/www.familledelabrie.fr\/wp-content\/uploads\/2018\/10\/42864367_1825766324206402_8568820451168485376_o.jpg 1063w\" sizes=\"auto, (max-width: 840px) 100vw, 840px\" \/><\/a><\/p>\n","protected":false},"excerpt":{"rendered":"<p>La compagnie de Dampmart et Les&nbsp; Archers du Vert Galant nous ont fait part du chevalier Marc Mor\u00e8re.&nbsp; Elles nous invitent \u00e0 la partie de deuil le jeudi et une un hommage le samedi matin<\/p>\n","protected":false},"author":1,"featured_media":0,"comment_status":"open","ping_status":"open","sticky":false,"template":"","format":"standard","meta":{"_bbp_topic_count":0,"_bbp_reply_count":0,"_bbp_total_topic_count":0,"_bbp_total_reply_count":0,"_bbp_voice_count":0,"_bbp_anonymous_reply_count":0,"_bbp_topic_count_hidden":0,"_bbp_reply_count_hidden":0,"_bbp_forum_subforum_count":0,"ngg_post_thumbnail":0,"footnotes":""},"categories":[1],"tags":[],"class_list":["post-3604","post","type-post","status-publish","format-standard","hentry","category-non-classe"],"_links":{"self":[{"href":"https:\/\/www.familledelabrie.fr\/index.php?rest_route=\/wp\/v2\/posts\/3604","targetHints":{"allow":["GET"]}}],"collection":[{"href":"https:\/\/www.familledelabrie.fr\/index.php?rest_route=\/wp\/v2\/posts"}],"about":[{"href":"https:\/\/www.familledelabrie.fr\/index.php?rest_route=\/wp\/v2\/types\/post"}],"author":[{"embeddable":true,"href":"https:\/\/www.familledelabrie.fr\/index.php?rest_route=\/wp\/v2\/users\/1"}],"replies":[{"embeddable":true,"href":"https:\/\/www.familledelabrie.fr\/index.php?rest_route=%2Fwp%2Fv2%2Fcomments&post=3604"}],"version-history":[{"count":5,"href":"https:\/\/www.familledelabrie.fr\/index.php?rest_route=\/wp\/v2\/posts\/3604\/revisions"}],"predecessor-version":[{"id":3610,"href":"https:\/\/www.familledelabrie.fr\/index.php?rest_route=\/wp\/v2\/posts\/3604\/revisions\/3610"}],"wp:attachment":[{"href":"https:\/\/www.familledelabrie.fr\/index.php?rest_route=%2Fwp%2Fv2%2Fmedia&parent=3604"}],"wp:term":[{"taxonomy":"category","embeddable":true,"href":"https:\/\/www.familledelabrie.fr\/index.php?rest_route=%2Fwp%2Fv2%2Fcategories&post=3604"},{"taxonomy":"post_tag","embeddable":true,"href":"https:\/\/www.familledelabrie.fr\/index.php?rest_route=%2Fwp%2Fv2%2Ftags&post=3604"}],"curies":[{"name":"wp","href":"https:\/\/api.w.org\/{rel}","templated":true}]}}