{"id":3167,"date":"2017-12-22T19:11:56","date_gmt":"2017-12-22T18:11:56","guid":{"rendered":"http:\/\/www.familledelabrie.fr\/?p=3167"},"modified":"2017-12-22T19:40:43","modified_gmt":"2017-12-22T18:40:43","slug":"messe-de-la-saint-sebastien-2018","status":"publish","type":"post","link":"https:\/\/www.familledelabrie.fr\/?p=3167","title":{"rendered":"Messe de la Saint S\u00e9bastien 2018"},"content":{"rendered":"<p>La compagnie d&rsquo;arc d&rsquo;Esbly organisera encore cette ann\u00e9e la traditionnelle messe de la Saint S\u00e9bastien le 21 janvier 2018.<\/p>\n<p>Celle-ci sera suivie d&rsquo;un d\u00e9fil\u00e9 jusqu&rsquo;\u00e0 la compagnie o\u00f9 un vin d&rsquo;honneur sera servi apr\u00e8s le salut et le tir d&rsquo;une fl\u00e8che.<\/p>\n<p>Veuillez prendre connaissance du mandat pour plus d&rsquo;informations.<\/p>\n<p><a href=\"https:\/\/www.familledelabrie.fr\/wp-content\/uploads\/2017\/12\/FETE-St-s\u00e9bastien-21-janvier-2018-1.pdf\">Mandat St S\u00e9bastien Esbly 21 janvier 2018<\/a><\/p>\n","protected":false},"excerpt":{"rendered":"<p>La compagnie d&rsquo;arc d&rsquo;Esbly organisera encore cette ann\u00e9e la traditionnelle messe de la Saint S\u00e9bastien le 21 janvier 2018. Celle-ci sera suivie d&rsquo;un d\u00e9fil\u00e9 jusqu&rsquo;\u00e0 la compagnie o\u00f9 un vin d&rsquo;honneur sera servi apr\u00e8s le salut et le tir d&rsquo;une fl\u00e8che. Veuillez prendre connaissance du mandat pour plus d&rsquo;informations. Mandat St S\u00e9bastien Esbly 21 janvier &hellip; <a href=\"https:\/\/www.familledelabrie.fr\/?p=3167\" class=\"more-link\">Continuer la lecture de <span class=\"screen-reader-text\">Messe de la Saint S\u00e9bastien 2018<\/span> <span class=\"meta-nav\">&rarr;<\/span><\/a><\/p>\n","protected":false},"author":1,"featured_media":0,"comment_status":"open","ping_status":"open","sticky":false,"template":"","format":"standard","meta":{"_bbp_topic_count":0,"_bbp_reply_count":0,"_bbp_total_topic_count":0,"_bbp_total_reply_count":0,"_bbp_voice_count":0,"_bbp_anonymous_reply_count":0,"_bbp_topic_count_hidden":0,"_bbp_reply_count_hidden":0,"_bbp_forum_subforum_count":0,"ngg_post_thumbnail":0,"footnotes":""},"categories":[1],"tags":[],"class_list":["post-3167","post","type-post","status-publish","format-standard","hentry","category-non-classe"],"_links":{"self":[{"href":"https:\/\/www.familledelabrie.fr\/index.php?rest_route=\/wp\/v2\/posts\/3167","targetHints":{"allow":["GET"]}}],"collection":[{"href":"https:\/\/www.familledelabrie.fr\/index.php?rest_route=\/wp\/v2\/posts"}],"about":[{"href":"https:\/\/www.familledelabrie.fr\/index.php?rest_route=\/wp\/v2\/types\/post"}],"author":[{"embeddable":true,"href":"https:\/\/www.familledelabrie.fr\/index.php?rest_route=\/wp\/v2\/users\/1"}],"replies":[{"embeddable":true,"href":"https:\/\/www.familledelabrie.fr\/index.php?rest_route=%2Fwp%2Fv2%2Fcomments&post=3167"}],"version-history":[{"count":5,"href":"https:\/\/www.familledelabrie.fr\/index.php?rest_route=\/wp\/v2\/posts\/3167\/revisions"}],"predecessor-version":[{"id":3173,"href":"https:\/\/www.familledelabrie.fr\/index.php?rest_route=\/wp\/v2\/posts\/3167\/revisions\/3173"}],"wp:attachment":[{"href":"https:\/\/www.familledelabrie.fr\/index.php?rest_route=%2Fwp%2Fv2%2Fmedia&parent=3167"}],"wp:term":[{"taxonomy":"category","embeddable":true,"href":"https:\/\/www.familledelabrie.fr\/index.php?rest_route=%2Fwp%2Fv2%2Fcategories&post=3167"},{"taxonomy":"post_tag","embeddable":true,"href":"https:\/\/www.familledelabrie.fr\/index.php?rest_route=%2Fwp%2Fv2%2Ftags&post=3167"}],"curies":[{"name":"wp","href":"https:\/\/api.w.org\/{rel}","templated":true}]}}