{"id":3127,"date":"2017-05-26T07:40:28","date_gmt":"2017-05-26T06:40:28","guid":{"rendered":"http:\/\/www.familledelabrie.fr\/?p=3127"},"modified":"2017-05-29T20:59:18","modified_gmt":"2017-05-29T19:59:18","slug":"fete-de-la-famille-de-la-brie-2017","status":"publish","type":"post","link":"https:\/\/www.familledelabrie.fr\/?p=3127","title":{"rendered":"F\u00eate de la Famille de la Brie 2017"},"content":{"rendered":"<p>Apr\u00e8s une bonne et belle&nbsp;journ\u00e9e organis\u00e9e par la compagnie de Montry, plusieurs personnes repartent avec des troph\u00e9es ou de nouvelles \u00e9charpes. Et nous nous repartons avec de nouveaux souvenirs dont quelques uns&nbsp;sont disponibles dans la galerie photo <a href=\"https:\/\/www.familledelabrie.fr\/?page_id=2959\">associ\u00e9e<\/a>.<\/p>\n<p><a href=\"https:\/\/www.familledelabrie.fr\/wp-content\/uploads\/2017\/05\/IMGP2079.jpg\"><img loading=\"lazy\" decoding=\"async\" class=\"size-medium wp-image-3138 aligncenter\" src=\"https:\/\/www.familledelabrie.fr\/wp-content\/uploads\/2017\/05\/IMGP2079-300x199.jpg\" alt=\"\" width=\"300\" height=\"199\" srcset=\"https:\/\/www.familledelabrie.fr\/wp-content\/uploads\/2017\/05\/IMGP2079-300x199.jpg 300w, https:\/\/www.familledelabrie.fr\/wp-content\/uploads\/2017\/05\/IMGP2079-768x509.jpg 768w, https:\/\/www.familledelabrie.fr\/wp-content\/uploads\/2017\/05\/IMGP2079-1024x678.jpg 1024w, https:\/\/www.familledelabrie.fr\/wp-content\/uploads\/2017\/05\/IMGP2079-1200x795.jpg 1200w\" sizes=\"auto, (max-width: 300px) 100vw, 300px\" \/><\/a><\/p>\n<p>Patrice Courivaud de Champs sur Marne repart avec l&rsquo;\u00e9charpe du roi de la Famille, apr\u00e8s avoir fait tomber l&rsquo;oiseau \u00e0 la 16e fl\u00e8che, alors que&nbsp;Mathys Costa d&rsquo;Esbly a pris l&rsquo;\u00e9charpe de roitelet plus rapidement!<\/p>\n<p>Lo\u00efc Montfort d&rsquo;Esbly d\u00e9croche le prix des Archers et Catherine Dacosta de Quincy est notre Ma\u00eetre d&rsquo;Arme !<\/p>\n<p>Un concours de desserts \u00e9tait organis\u00e9 et c&rsquo;est Ga\u00eblle de Saint-Pathus qui finie premi\u00e8re, suivi de Doroth\u00e9e d&rsquo;Esbly et un archer de Claye.<\/p>\n<p>Rdv en 2018 \u00e0 Provins, selon l&rsquo;ordre alphab\u00e9tique \u00e0 nouveau en usage!<\/p>\n","protected":false},"excerpt":{"rendered":"<p>Apr\u00e8s une bonne et belle&nbsp;journ\u00e9e organis\u00e9e par la compagnie de Montry, plusieurs personnes repartent avec des troph\u00e9es ou de nouvelles \u00e9charpes. Et nous nous repartons avec de nouveaux souvenirs dont quelques uns&nbsp;sont disponibles dans la galerie photo associ\u00e9e. Patrice Courivaud de Champs sur Marne repart avec l&rsquo;\u00e9charpe du roi de la Famille, apr\u00e8s avoir fait &hellip; <a href=\"https:\/\/www.familledelabrie.fr\/?p=3127\" class=\"more-link\">Continuer la lecture de <span class=\"screen-reader-text\">F\u00eate de la Famille de la Brie 2017<\/span> <span class=\"meta-nav\">&rarr;<\/span><\/a><\/p>\n","protected":false},"author":1,"featured_media":0,"comment_status":"open","ping_status":"open","sticky":false,"template":"","format":"standard","meta":{"_bbp_topic_count":0,"_bbp_reply_count":0,"_bbp_total_topic_count":0,"_bbp_total_reply_count":0,"_bbp_voice_count":0,"_bbp_anonymous_reply_count":0,"_bbp_topic_count_hidden":0,"_bbp_reply_count_hidden":0,"_bbp_forum_subforum_count":0,"ngg_post_thumbnail":0,"footnotes":""},"categories":[1],"tags":[],"class_list":["post-3127","post","type-post","status-publish","format-standard","hentry","category-non-classe"],"_links":{"self":[{"href":"https:\/\/www.familledelabrie.fr\/index.php?rest_route=\/wp\/v2\/posts\/3127","targetHints":{"allow":["GET"]}}],"collection":[{"href":"https:\/\/www.familledelabrie.fr\/index.php?rest_route=\/wp\/v2\/posts"}],"about":[{"href":"https:\/\/www.familledelabrie.fr\/index.php?rest_route=\/wp\/v2\/types\/post"}],"author":[{"embeddable":true,"href":"https:\/\/www.familledelabrie.fr\/index.php?rest_route=\/wp\/v2\/users\/1"}],"replies":[{"embeddable":true,"href":"https:\/\/www.familledelabrie.fr\/index.php?rest_route=%2Fwp%2Fv2%2Fcomments&post=3127"}],"version-history":[{"count":8,"href":"https:\/\/www.familledelabrie.fr\/index.php?rest_route=\/wp\/v2\/posts\/3127\/revisions"}],"predecessor-version":[{"id":3141,"href":"https:\/\/www.familledelabrie.fr\/index.php?rest_route=\/wp\/v2\/posts\/3127\/revisions\/3141"}],"wp:attachment":[{"href":"https:\/\/www.familledelabrie.fr\/index.php?rest_route=%2Fwp%2Fv2%2Fmedia&parent=3127"}],"wp:term":[{"taxonomy":"category","embeddable":true,"href":"https:\/\/www.familledelabrie.fr\/index.php?rest_route=%2Fwp%2Fv2%2Fcategories&post=3127"},{"taxonomy":"post_tag","embeddable":true,"href":"https:\/\/www.familledelabrie.fr\/index.php?rest_route=%2Fwp%2Fv2%2Ftags&post=3127"}],"curies":[{"name":"wp","href":"https:\/\/api.w.org\/{rel}","templated":true}]}}