{"id":2945,"date":"2017-04-07T17:38:37","date_gmt":"2017-04-07T16:38:37","guid":{"rendered":"http:\/\/www.familledelabrie.fr\/?p=2945"},"modified":"2017-04-07T17:39:24","modified_gmt":"2017-04-07T16:39:24","slug":"deces-du-chevalier-alain-wargnier-julien","status":"publish","type":"post","link":"https:\/\/www.familledelabrie.fr\/?p=2945","title":{"rendered":"D\u00e9c\u00e9s de Alain Wargnier-Julien"},"content":{"rendered":"<p>La Famille de la Brie a perdu un ancien chevalier en la personne de Alain. Elle pr\u00e9sente ses condol\u00e9ances \u00e0 sa famille, ses fils, sa belle-fille et tous ses amis.<\/p>\n<p>Archer, Alain est arriv\u00e9 vers 1980 \u00e0 la compagnie d&rsquo;arc de Champs sur Marne, o\u00f9 il est rest\u00e9 plus d&rsquo;une dizaine d&rsquo;ann\u00e9es. Il est ensuite pass\u00e9 quelques temps \u00e0 Dampmart puis \u00e0 Annet sur Marne avant de se retirer pour raisons personnelles.<\/p>\n<p>Un caract\u00e8re, mais aussi un grand archer et membre actif qui nous quitte.<\/p>\n<p>Alain je te salue.<a href=\"https:\/\/www.familledelabrie.fr\/wp-content\/uploads\/2017\/04\/DSC00733-2.jpg\"><img loading=\"lazy\" decoding=\"async\" class=\"alignnone size-medium wp-image-2946\" src=\"https:\/\/www.familledelabrie.fr\/wp-content\/uploads\/2017\/04\/DSC00733-2-194x300.jpg\" alt=\"\" width=\"194\" height=\"300\" srcset=\"https:\/\/www.familledelabrie.fr\/wp-content\/uploads\/2017\/04\/DSC00733-2-194x300.jpg 194w, https:\/\/www.familledelabrie.fr\/wp-content\/uploads\/2017\/04\/DSC00733-2.jpg 257w\" sizes=\"auto, (max-width: 194px) 100vw, 194px\" \/><\/a><\/p>\n<p>&nbsp;<\/p>\n","protected":false},"excerpt":{"rendered":"<p>La Famille de la Brie a perdu un ancien chevalier en la personne de Alain. Elle pr\u00e9sente ses condol\u00e9ances \u00e0 sa famille, ses fils, sa belle-fille et tous ses amis. Archer, Alain est arriv\u00e9 vers 1980 \u00e0 la compagnie d&rsquo;arc de Champs sur Marne, o\u00f9 il est rest\u00e9 plus d&rsquo;une dizaine d&rsquo;ann\u00e9es. Il est ensuite &hellip; <a href=\"https:\/\/www.familledelabrie.fr\/?p=2945\" class=\"more-link\">Continuer la lecture de <span class=\"screen-reader-text\">D\u00e9c\u00e9s de Alain Wargnier-Julien<\/span> <span class=\"meta-nav\">&rarr;<\/span><\/a><\/p>\n","protected":false},"author":1,"featured_media":0,"comment_status":"open","ping_status":"open","sticky":false,"template":"","format":"standard","meta":{"_bbp_topic_count":0,"_bbp_reply_count":0,"_bbp_total_topic_count":0,"_bbp_total_reply_count":0,"_bbp_voice_count":0,"_bbp_anonymous_reply_count":0,"_bbp_topic_count_hidden":0,"_bbp_reply_count_hidden":0,"_bbp_forum_subforum_count":0,"ngg_post_thumbnail":0,"footnotes":""},"categories":[1],"tags":[],"class_list":["post-2945","post","type-post","status-publish","format-standard","hentry","category-non-classe"],"_links":{"self":[{"href":"https:\/\/www.familledelabrie.fr\/index.php?rest_route=\/wp\/v2\/posts\/2945","targetHints":{"allow":["GET"]}}],"collection":[{"href":"https:\/\/www.familledelabrie.fr\/index.php?rest_route=\/wp\/v2\/posts"}],"about":[{"href":"https:\/\/www.familledelabrie.fr\/index.php?rest_route=\/wp\/v2\/types\/post"}],"author":[{"embeddable":true,"href":"https:\/\/www.familledelabrie.fr\/index.php?rest_route=\/wp\/v2\/users\/1"}],"replies":[{"embeddable":true,"href":"https:\/\/www.familledelabrie.fr\/index.php?rest_route=%2Fwp%2Fv2%2Fcomments&post=2945"}],"version-history":[{"count":2,"href":"https:\/\/www.familledelabrie.fr\/index.php?rest_route=\/wp\/v2\/posts\/2945\/revisions"}],"predecessor-version":[{"id":2948,"href":"https:\/\/www.familledelabrie.fr\/index.php?rest_route=\/wp\/v2\/posts\/2945\/revisions\/2948"}],"wp:attachment":[{"href":"https:\/\/www.familledelabrie.fr\/index.php?rest_route=%2Fwp%2Fv2%2Fmedia&parent=2945"}],"wp:term":[{"taxonomy":"category","embeddable":true,"href":"https:\/\/www.familledelabrie.fr\/index.php?rest_route=%2Fwp%2Fv2%2Fcategories&post=2945"},{"taxonomy":"post_tag","embeddable":true,"href":"https:\/\/www.familledelabrie.fr\/index.php?rest_route=%2Fwp%2Fv2%2Ftags&post=2945"}],"curies":[{"name":"wp","href":"https:\/\/api.w.org\/{rel}","templated":true}]}}