{"id":2916,"date":"2017-03-01T20:32:27","date_gmt":"2017-03-01T19:32:27","guid":{"rendered":"http:\/\/www.familledelabrie.fr\/?p=2916"},"modified":"2017-03-03T20:11:49","modified_gmt":"2017-03-03T19:11:49","slug":"deces-de-marcel-boeuf-de-claye","status":"publish","type":"post","link":"https:\/\/www.familledelabrie.fr\/?p=2916","title":{"rendered":"D\u00e9c\u00e8s de Marcel Boeuf de Claye"},"content":{"rendered":"<p>C&rsquo;est avec une grande tristesse que je relaye l&rsquo;annonce du d\u00e9c\u00e8s du chevalier Marcel BOEUF de la compagnie d&rsquo;arc de Claye.<\/p>\n<p><a href=\"https:\/\/www.familledelabrie.fr\/wp-content\/uploads\/2017\/03\/Marcel-Boeuf.jpg\"><img loading=\"lazy\" decoding=\"async\" class=\"alignnone size-medium wp-image-2917\" src=\"https:\/\/www.familledelabrie.fr\/wp-content\/uploads\/2017\/03\/Marcel-Boeuf-241x300.jpg\" alt=\"\" width=\"241\" height=\"300\" srcset=\"https:\/\/www.familledelabrie.fr\/wp-content\/uploads\/2017\/03\/Marcel-Boeuf-241x300.jpg 241w, https:\/\/www.familledelabrie.fr\/wp-content\/uploads\/2017\/03\/Marcel-Boeuf-768x955.jpg 768w, https:\/\/www.familledelabrie.fr\/wp-content\/uploads\/2017\/03\/Marcel-Boeuf-824x1024.jpg 824w, https:\/\/www.familledelabrie.fr\/wp-content\/uploads\/2017\/03\/Marcel-Boeuf-1200x1492.jpg 1200w, https:\/\/www.familledelabrie.fr\/wp-content\/uploads\/2017\/03\/Marcel-Boeuf.jpg 1390w\" sizes=\"auto, (max-width: 241px) 100vw, 241px\" \/><\/a><\/p>\n<p>C\u00e9r\u00e9monie religieuse \u00e0 l&rsquo;\u00e9glise St Nicolas de Vaujours, le mardi 7 Mars \u00e0 10h.<\/p>\n<p>Les drapeaux sont invit\u00e9s \u00e0 s&rsquo;y joindre.<\/p>\n<p>Suivie de la cr\u00e9mation \u00e0 Montfermeil (44 ruelle du Lavoir) \u00e0 11h30.<\/p>\n<p>Partie de Deuil dans la foul\u00e9e \u00e0 la cie d&rsquo;arc de Claye<\/p>\n<p>Attention, le prix g\u00e9n\u00e9ral de Claye ne pourra pas \u00eatre ouvert ce&nbsp;week-end.&nbsp;<\/p>\n<p><a href=\"https:\/\/www.familledelabrie.fr\/wp-content\/uploads\/2017\/03\/Faire-part-Marcel003-1.jpg\"><img loading=\"lazy\" decoding=\"async\" class=\"alignnone size-medium wp-image-2925\" src=\"https:\/\/www.familledelabrie.fr\/wp-content\/uploads\/2017\/03\/Faire-part-Marcel003-1-218x300.jpg\" alt=\"\" width=\"218\" height=\"300\" srcset=\"https:\/\/www.familledelabrie.fr\/wp-content\/uploads\/2017\/03\/Faire-part-Marcel003-1-218x300.jpg 218w, https:\/\/www.familledelabrie.fr\/wp-content\/uploads\/2017\/03\/Faire-part-Marcel003-1-768x1057.jpg 768w, https:\/\/www.familledelabrie.fr\/wp-content\/uploads\/2017\/03\/Faire-part-Marcel003-1-744x1024.jpg 744w, https:\/\/www.familledelabrie.fr\/wp-content\/uploads\/2017\/03\/Faire-part-Marcel003-1-1200x1651.jpg 1200w\" sizes=\"auto, (max-width: 218px) 100vw, 218px\" \/><\/a><\/p>\n","protected":false},"excerpt":{"rendered":"<p>C&rsquo;est avec une grande tristesse que je relaye l&rsquo;annonce du d\u00e9c\u00e8s du chevalier Marcel BOEUF de la compagnie d&rsquo;arc de Claye. C\u00e9r\u00e9monie religieuse \u00e0 l&rsquo;\u00e9glise St Nicolas de Vaujours, le mardi 7 Mars \u00e0 10h. Les drapeaux sont invit\u00e9s \u00e0 s&rsquo;y joindre. Suivie de la cr\u00e9mation \u00e0 Montfermeil (44 ruelle du Lavoir) \u00e0 11h30. Partie &hellip; <a href=\"https:\/\/www.familledelabrie.fr\/?p=2916\" class=\"more-link\">Continuer la lecture de <span class=\"screen-reader-text\">D\u00e9c\u00e8s de Marcel Boeuf de Claye<\/span> <span class=\"meta-nav\">&rarr;<\/span><\/a><\/p>\n","protected":false},"author":1,"featured_media":0,"comment_status":"open","ping_status":"open","sticky":false,"template":"","format":"standard","meta":{"_bbp_topic_count":0,"_bbp_reply_count":0,"_bbp_total_topic_count":0,"_bbp_total_reply_count":0,"_bbp_voice_count":0,"_bbp_anonymous_reply_count":0,"_bbp_topic_count_hidden":0,"_bbp_reply_count_hidden":0,"_bbp_forum_subforum_count":0,"ngg_post_thumbnail":0,"footnotes":""},"categories":[1],"tags":[],"class_list":["post-2916","post","type-post","status-publish","format-standard","hentry","category-non-classe"],"_links":{"self":[{"href":"https:\/\/www.familledelabrie.fr\/index.php?rest_route=\/wp\/v2\/posts\/2916","targetHints":{"allow":["GET"]}}],"collection":[{"href":"https:\/\/www.familledelabrie.fr\/index.php?rest_route=\/wp\/v2\/posts"}],"about":[{"href":"https:\/\/www.familledelabrie.fr\/index.php?rest_route=\/wp\/v2\/types\/post"}],"author":[{"embeddable":true,"href":"https:\/\/www.familledelabrie.fr\/index.php?rest_route=\/wp\/v2\/users\/1"}],"replies":[{"embeddable":true,"href":"https:\/\/www.familledelabrie.fr\/index.php?rest_route=%2Fwp%2Fv2%2Fcomments&post=2916"}],"version-history":[{"count":4,"href":"https:\/\/www.familledelabrie.fr\/index.php?rest_route=\/wp\/v2\/posts\/2916\/revisions"}],"predecessor-version":[{"id":2926,"href":"https:\/\/www.familledelabrie.fr\/index.php?rest_route=\/wp\/v2\/posts\/2916\/revisions\/2926"}],"wp:attachment":[{"href":"https:\/\/www.familledelabrie.fr\/index.php?rest_route=%2Fwp%2Fv2%2Fmedia&parent=2916"}],"wp:term":[{"taxonomy":"category","embeddable":true,"href":"https:\/\/www.familledelabrie.fr\/index.php?rest_route=%2Fwp%2Fv2%2Fcategories&post=2916"},{"taxonomy":"post_tag","embeddable":true,"href":"https:\/\/www.familledelabrie.fr\/index.php?rest_route=%2Fwp%2Fv2%2Ftags&post=2916"}],"curies":[{"name":"wp","href":"https:\/\/api.w.org\/{rel}","templated":true}]}}