{"id":2882,"date":"2017-02-11T21:35:37","date_gmt":"2017-02-11T20:35:37","guid":{"rendered":"http:\/\/www.familledelabrie.fr\/?p=2882"},"modified":"2017-02-16T20:21:55","modified_gmt":"2017-02-16T19:21:55","slug":"bouquet-provincial-2017","status":"publish","type":"post","link":"https:\/\/www.familledelabrie.fr\/?p=2882","title":{"rendered":"Bouquet Provincial 2017"},"content":{"rendered":"<p>Cond\u00e9 Saint Libiaire organisera le 21 Mai 2017, le bouquet Provincial de cette ann\u00e9e.<\/p>\n<p>Le mandat est disponible <a href=\"http:\/\/www.bouquetprovincial.fr\/fichiers\/2017\/Mandat_Bouquet_Provincial_2017.pdf\">ici<\/a>.<\/p>\n<p>Le site du bouquet <a href=\"http:\/\/www.bouquetprovincial.fr\/\">l\u00e0<\/a>.<\/p>\n<p>La Famille de la Brie aura grand plaisir \u00e0 aider la compagnie de Sainte Libiaire, le comit\u00e9 d\u00e9partemental et la r\u00e9gion \u00eele de France \u00e0 organiser ce bouquet.<\/p>\n<p>Dans tous les cas, rendez vous le 21 Mai !<\/p>\n","protected":false},"excerpt":{"rendered":"<p>Cond\u00e9 Saint Libiaire organisera le 21 Mai 2017, le bouquet Provincial de cette ann\u00e9e. Le mandat est disponible ici. Le site du bouquet l\u00e0. La Famille de la Brie aura grand plaisir \u00e0 aider la compagnie de Sainte Libiaire, le comit\u00e9 d\u00e9partemental et la r\u00e9gion \u00eele de France \u00e0 organiser ce bouquet. Dans tous les &hellip; <a href=\"https:\/\/www.familledelabrie.fr\/?p=2882\" class=\"more-link\">Continuer la lecture de <span class=\"screen-reader-text\">Bouquet Provincial 2017<\/span> <span class=\"meta-nav\">&rarr;<\/span><\/a><\/p>\n","protected":false},"author":1,"featured_media":0,"comment_status":"open","ping_status":"open","sticky":false,"template":"","format":"standard","meta":{"_bbp_topic_count":0,"_bbp_reply_count":0,"_bbp_total_topic_count":0,"_bbp_total_reply_count":0,"_bbp_voice_count":0,"_bbp_anonymous_reply_count":0,"_bbp_topic_count_hidden":0,"_bbp_reply_count_hidden":0,"_bbp_forum_subforum_count":0,"ngg_post_thumbnail":0,"footnotes":""},"categories":[1],"tags":[],"class_list":["post-2882","post","type-post","status-publish","format-standard","hentry","category-non-classe"],"_links":{"self":[{"href":"https:\/\/www.familledelabrie.fr\/index.php?rest_route=\/wp\/v2\/posts\/2882","targetHints":{"allow":["GET"]}}],"collection":[{"href":"https:\/\/www.familledelabrie.fr\/index.php?rest_route=\/wp\/v2\/posts"}],"about":[{"href":"https:\/\/www.familledelabrie.fr\/index.php?rest_route=\/wp\/v2\/types\/post"}],"author":[{"embeddable":true,"href":"https:\/\/www.familledelabrie.fr\/index.php?rest_route=\/wp\/v2\/users\/1"}],"replies":[{"embeddable":true,"href":"https:\/\/www.familledelabrie.fr\/index.php?rest_route=%2Fwp%2Fv2%2Fcomments&post=2882"}],"version-history":[{"count":2,"href":"https:\/\/www.familledelabrie.fr\/index.php?rest_route=\/wp\/v2\/posts\/2882\/revisions"}],"predecessor-version":[{"id":2886,"href":"https:\/\/www.familledelabrie.fr\/index.php?rest_route=\/wp\/v2\/posts\/2882\/revisions\/2886"}],"wp:attachment":[{"href":"https:\/\/www.familledelabrie.fr\/index.php?rest_route=%2Fwp%2Fv2%2Fmedia&parent=2882"}],"wp:term":[{"taxonomy":"category","embeddable":true,"href":"https:\/\/www.familledelabrie.fr\/index.php?rest_route=%2Fwp%2Fv2%2Fcategories&post=2882"},{"taxonomy":"post_tag","embeddable":true,"href":"https:\/\/www.familledelabrie.fr\/index.php?rest_route=%2Fwp%2Fv2%2Ftags&post=2882"}],"curies":[{"name":"wp","href":"https:\/\/api.w.org\/{rel}","templated":true}]}}