{"id":1728,"date":"2015-12-22T21:05:07","date_gmt":"2015-12-22T20:05:07","guid":{"rendered":"http:\/\/www.familledelabrie.fr\/?p=1728"},"modified":"2015-12-25T10:02:43","modified_gmt":"2015-12-25T09:02:43","slug":"un-article-de-1960","status":"publish","type":"post","link":"https:\/\/www.familledelabrie.fr\/?p=1728","title":{"rendered":"Un article de 1960"},"content":{"rendered":"<p>Notre pr\u00e9sident a d\u00e9nich\u00e9 un vieil\u00a0<span style=\"line-height: 1.5;\">article de presse de 1960 sur l&rsquo;organisation d&rsquo;un bouquet au sein de la famille de la Brie, par la compagnie de Dampmart.<\/span><\/p>\n<p>C&rsquo;est int\u00e9ressant de trouver, comme \u00e0 Champs o\u00f9 l&rsquo;affiche du bouquet de la famille de la Brie organis\u00e9 en 1964 est encore visible dans le\u00a0\u00a0logis, des traces de cette pratique que nous avions dans les ann\u00e9es 60 et qui maintenant a\u00a0fait place \u00e0 notre f\u00eate de la famille.<\/p>\n<p><a href=\"https:\/\/www.familledelabrie.fr\/wp-content\/uploads\/2015\/12\/article-famille-de-la-brie-1960.bmp\" rel=\"attachment wp-att-1736\"><img loading=\"lazy\" decoding=\"async\" class=\"alignnone size-medium wp-image-1736 aligncenter\" src=\"https:\/\/www.familledelabrie.fr\/wp-content\/uploads\/2015\/12\/article-famille-de-la-brie-1960-218x300.bmp\" alt=\"article famille de la brie 1960\" width=\"218\" height=\"300\" srcset=\"https:\/\/www.familledelabrie.fr\/wp-content\/uploads\/2015\/12\/article-famille-de-la-brie-1960-218x300.bmp 218w, https:\/\/www.familledelabrie.fr\/wp-content\/uploads\/2015\/12\/article-famille-de-la-brie-1960.bmp 638w\" sizes=\"auto, (max-width: 218px) 100vw, 218px\" \/><\/a><\/p>\n<p>&nbsp;<\/p>\n","protected":false},"excerpt":{"rendered":"<p>Notre pr\u00e9sident a d\u00e9nich\u00e9 un vieil\u00a0article de presse de 1960 sur l&rsquo;organisation d&rsquo;un bouquet au sein de la famille de la Brie, par la compagnie de Dampmart. C&rsquo;est int\u00e9ressant de trouver, comme \u00e0 Champs o\u00f9 l&rsquo;affiche du bouquet de la famille de la Brie organis\u00e9 en 1964 est encore visible dans le\u00a0\u00a0logis, des traces de &hellip; <a href=\"https:\/\/www.familledelabrie.fr\/?p=1728\" class=\"more-link\">Continuer la lecture de <span class=\"screen-reader-text\">Un article de 1960<\/span> <span class=\"meta-nav\">&rarr;<\/span><\/a><\/p>\n","protected":false},"author":1,"featured_media":0,"comment_status":"open","ping_status":"open","sticky":false,"template":"","format":"standard","meta":{"_bbp_topic_count":0,"_bbp_reply_count":0,"_bbp_total_topic_count":0,"_bbp_total_reply_count":0,"_bbp_voice_count":0,"_bbp_anonymous_reply_count":0,"_bbp_topic_count_hidden":0,"_bbp_reply_count_hidden":0,"_bbp_forum_subforum_count":0,"ngg_post_thumbnail":0,"footnotes":""},"categories":[1],"tags":[],"class_list":["post-1728","post","type-post","status-publish","format-standard","hentry","category-non-classe"],"_links":{"self":[{"href":"https:\/\/www.familledelabrie.fr\/index.php?rest_route=\/wp\/v2\/posts\/1728","targetHints":{"allow":["GET"]}}],"collection":[{"href":"https:\/\/www.familledelabrie.fr\/index.php?rest_route=\/wp\/v2\/posts"}],"about":[{"href":"https:\/\/www.familledelabrie.fr\/index.php?rest_route=\/wp\/v2\/types\/post"}],"author":[{"embeddable":true,"href":"https:\/\/www.familledelabrie.fr\/index.php?rest_route=\/wp\/v2\/users\/1"}],"replies":[{"embeddable":true,"href":"https:\/\/www.familledelabrie.fr\/index.php?rest_route=%2Fwp%2Fv2%2Fcomments&post=1728"}],"version-history":[{"count":6,"href":"https:\/\/www.familledelabrie.fr\/index.php?rest_route=\/wp\/v2\/posts\/1728\/revisions"}],"predecessor-version":[{"id":1731,"href":"https:\/\/www.familledelabrie.fr\/index.php?rest_route=\/wp\/v2\/posts\/1728\/revisions\/1731"}],"wp:attachment":[{"href":"https:\/\/www.familledelabrie.fr\/index.php?rest_route=%2Fwp%2Fv2%2Fmedia&parent=1728"}],"wp:term":[{"taxonomy":"category","embeddable":true,"href":"https:\/\/www.familledelabrie.fr\/index.php?rest_route=%2Fwp%2Fv2%2Fcategories&post=1728"},{"taxonomy":"post_tag","embeddable":true,"href":"https:\/\/www.familledelabrie.fr\/index.php?rest_route=%2Fwp%2Fv2%2Ftags&post=1728"}],"curies":[{"name":"wp","href":"https:\/\/api.w.org\/{rel}","templated":true}]}}